{"id":249101,"date":"2026-03-12T15:49:28","date_gmt":"2026-03-12T18:49:28","guid":{"rendered":"https:\/\/corrientesdetarde.com\/?p=249101"},"modified":"2026-03-12T15:49:33","modified_gmt":"2026-03-12T18:49:33","slug":"la-ironia-de-chiqui-tapia-sobre-la-sede-de-la-finalissima-quiero-que-se-juegue-en-el-monumental","status":"publish","type":"post","link":"https:\/\/corrientesdetarde.com\/index.php\/deportes\/la-ironia-de-chiqui-tapia-sobre-la-sede-de-la-finalissima-quiero-que-se-juegue-en-el-monumental\/","title":{"rendered":"La iron\u00eda de Chiqui Tapia sobre la sede de la Finalissima: \u201cQuiero que se juegue en el Monumental\u201d"},"content":{"rendered":"\n<p>Tras presentarse ante la Justicia en la causa por evasi\u00f3n de $19.000 millones, el presidente de la AFA cruz\u00f3 las versiones surgidas desde Espa\u00f1a que apuntan a Madrid como escenario del partido del pr\u00f3ximo 27 de marzo.<\/p>\n\n\n\n<p><strong>Claudio \u201cChiqui\u201d Tapia<\/strong>\u00a0respondi\u00f3 con iron\u00eda cuando fue consultado sobre la posible sede de la pr\u00f3xima\u00a0<strong>Finalissima,<\/strong>\u00a0un tema que entr\u00f3 en una fuerte disputa en las \u00faltimas horas ante la presi\u00f3n ejercida por la UEFA y la Real Federaci\u00f3n de Espa\u00f1a (RFEF).<\/p>\n\n\n\n<p><strong>\u201cEspa\u00f1a quiere jugar en el Bernab\u00e9u y yo en el Monumental\u201d<\/strong>, se\u00f1al\u00f3 con sarcasmo el presidente de la AFA, quien dio a entender que todav\u00eda no hay acuerdo por el lugar del choque entre los campeones de Am\u00e9rica y Europa, el pr\u00f3ximo 27 de marzo.<\/p>\n\n\n\n<figure class=\"wp-block-image\"><img decoding=\"async\" src=\"https:\/\/tn.com.ar\/resizer\/v2\/tapia-en-tribunales-foto-tn-juan-pablo-chaves-44ZREZTZS5FGRIWNUHHR5Y2334.jpeg?auth=8862a1f0fa997a9322bae35cf842f9ceb001bd2fd595b877085afc4839dce1c9&amp;width=767\" alt=\"Tapia en Tribunales. (Foto: TN\/ Juan Pablo Chaves)\"\/><\/figure>\n\n\n\n<p>La respuesta lleg\u00f3 cuando Tapia sal\u00eda de Tribunales de Comodoro Py, donde\u00a0<strong>debi\u00f3 presentarse a declarar en el marco de una causa judicial por evasi\u00f3n de $19.000 millones.<\/strong>\u00a0En ese contexto, el titular de la AFA fue abordado por la prensa y contest\u00f3 con iron\u00eda a las especulaciones sobre el escenario del partido<\/p>\n\n\n\n<p>El estadio en el que se jugar\u00e1&nbsp;<strong>la pr\u00f3xima Finalissima todav\u00eda no est\u00e1 confirmada&nbsp;<\/strong>y es un tema que deber\u00e1 resolverse en las pr\u00f3ximas horas. En principio, estaba estipulado en Lusail, Qatar, pero qued\u00f3 descartado -no en forma oficial- por la guerra en Medio Oriente.<\/p>\n\n\n\n<figure class=\"wp-block-image\"><img decoding=\"async\" src=\"https:\/\/tn.com.ar\/resizer\/v2\/finalissima-espana-tomo-una-fuerte-decision-y-expuso-su-postura-sobre-la-sede-foto-efe-LOXRZ2ZQIFD5TFD4BNOSFKOVTE.jpg?auth=aafa3478c1766dc98075c6830b5177174170ca0f2278e2f9a8a2fb3be599c8ba&amp;width=767\" alt=\"Finalissima: Espa\u00f1a tom\u00f3 una fuerte decisi\u00f3n y expuso su postura sobre la sede. (Foto: EFE)\"\/><\/figure>\n\n\n\n<p>Ante ese panorama, comenzaron a analizarse diferentes alternativas.&nbsp;<strong>Estados Unidos<\/strong>,&nbsp;<strong>Inglaterra<\/strong>&nbsp;y&nbsp;<strong>Portugal<\/strong>, aparecieron como las opciones m\u00e1s firmes, pero con el correr de los d\u00edas fueron perdiendo fuerza. La idea era encontrar una sede con infraestructura disponible y con buena conexi\u00f3n para los futbolistas, teniendo en cuenta que la mayor\u00eda militan en clubes europeos.<\/p>\n\n\n\n<p>Por esa raz\u00f3n, la UEFA plante\u00f3 la posibilidad de&nbsp;<strong>Madrid<\/strong>, tras lograr la r\u00e1pida disponibilidad del Real para ceder el estadio&nbsp;<strong>Santiago Bernab\u00e9u.<\/strong>&nbsp;\u201cEste es un partido que deber\u00eda jugarse en terreno neutral, pero es evidente que, dadas las circunstancias, debe ser en Europa, pienso que es lo m\u00e1s l\u00f3gico\u201d, declar\u00f3 el presidente de la RFEF, Rafael Louz\u00e1n, al programa&nbsp;<em>El Larguero<\/em>.<\/p>\n\n\n\n<p>Al margen de las intenciones de la UEFA, seg\u00fan pudo averiguar, la\u00a0<strong>AFA se resiste a la sede en Madrid\u00a0<\/strong>y busca que se agoten todas las instancias para que el partido se dispute en otro pa\u00eds.<\/p>\n\n\n\n<p><\/p>\n","protected":false},"excerpt":{"rendered":"<p>Tras presentarse ante la Justicia en la causa por evasi\u00f3n de $19.000 millones, el presidente de la AFA cruz\u00f3 las versiones surgidas desde Espa\u00f1a que apuntan a Madrid como escenario&hellip; <\/p>\n","protected":false},"author":8,"featured_media":249102,"comment_status":"closed","ping_status":"open","sticky":false,"template":"","format":"standard","meta":{"footnotes":""},"categories":[4],"tags":[],"class_list":["post-249101","post","type-post","status-publish","format-standard","has-post-thumbnail","hentry","category-deportes"],"_links":{"self":[{"href":"https:\/\/corrientesdetarde.com\/index.php\/wp-json\/wp\/v2\/posts\/249101","targetHints":{"allow":["GET"]}}],"collection":[{"href":"https:\/\/corrientesdetarde.com\/index.php\/wp-json\/wp\/v2\/posts"}],"about":[{"href":"https:\/\/corrientesdetarde.com\/index.php\/wp-json\/wp\/v2\/types\/post"}],"author":[{"embeddable":true,"href":"https:\/\/corrientesdetarde.com\/index.php\/wp-json\/wp\/v2\/users\/8"}],"replies":[{"embeddable":true,"href":"https:\/\/corrientesdetarde.com\/index.php\/wp-json\/wp\/v2\/comments?post=249101"}],"version-history":[{"count":1,"href":"https:\/\/corrientesdetarde.com\/index.php\/wp-json\/wp\/v2\/posts\/249101\/revisions"}],"predecessor-version":[{"id":249103,"href":"https:\/\/corrientesdetarde.com\/index.php\/wp-json\/wp\/v2\/posts\/249101\/revisions\/249103"}],"wp:featuredmedia":[{"embeddable":true,"href":"https:\/\/corrientesdetarde.com\/index.php\/wp-json\/wp\/v2\/media\/249102"}],"wp:attachment":[{"href":"https:\/\/corrientesdetarde.com\/index.php\/wp-json\/wp\/v2\/media?parent=249101"}],"wp:term":[{"taxonomy":"category","embeddable":true,"href":"https:\/\/corrientesdetarde.com\/index.php\/wp-json\/wp\/v2\/categories?post=249101"},{"taxonomy":"post_tag","embeddable":true,"href":"https:\/\/corrientesdetarde.com\/index.php\/wp-json\/wp\/v2\/tags?post=249101"}],"curies":[{"name":"wp","href":"https:\/\/api.w.org\/{rel}","templated":true}]}}