{"id":249104,"date":"2026-03-12T15:59:25","date_gmt":"2026-03-12T18:59:25","guid":{"rendered":"https:\/\/corrientesdetarde.com\/?p=249104"},"modified":"2026-03-12T15:59:38","modified_gmt":"2026-03-12T18:59:38","slug":"el-pago-de-haberes-con-aumento-del-6-a-estatales-correntinos-iniciaria-el-25-de-marzo","status":"publish","type":"post","link":"https:\/\/corrientesdetarde.com\/index.php\/destacados\/el-pago-de-haberes-con-aumento-del-6-a-estatales-correntinos-iniciaria-el-25-de-marzo\/","title":{"rendered":"El pago de haberes con aumento del 6% a estatales correntinos iniciar\u00eda el 25 de marzo"},"content":{"rendered":"\n<p><strong>El pago de haberes con aumento iniciar\u00eda entre el 25 o 26 de marzo<\/strong><\/p>\n\n\n\n<p>Los organismos t\u00e9cnicos del ministerio de Hacienda y Finanzas de la provincia, trabajan para establecer con precisi\u00f3n cu\u00e1ndo iniciar\u00e1 el pago de salarios a estatales del mes de marzo. Los c\u00e1lculos tienen que ver con la mayor cantidad de d\u00edas en que ingresen fondos de coparticipaci\u00f3n, teniendo en cuenta que este mes tiene dos d\u00edas feriados (23 y 24).<a href=\"https:\/\/www.corrienteshoy.com\/info-general\/el-pago-de-haberes-con-aumento-del-6-a-estatales-correntinos-iniciaria-el-25-de-marzo.htm#comentarios\"><\/a><\/p>\n\n\n\n<p>El gobierno de Corrientes estrenar\u00e1 a fines de este mes el primer aumento salarial del 6% a los trabajadores de la administraci\u00f3n p\u00fablica, adem\u00e1s de otras mejoras como ayuda escolar.<\/p>\n\n\n\n<p>En ese contexto el ministerio de Hacienda y Finanzas trabaja en la conformaci\u00f3n del cronograma de pagos, con el ingreso diario de recursos provenientes de la coparticipaci\u00f3n nacional.<\/p>\n\n\n\n<p>El inicio del pago salarial de este mes podr\u00eda activarse entre el pr\u00f3ximo mi\u00e9rcoles 25 o jueves 26 de marzo.<\/p>\n","protected":false},"excerpt":{"rendered":"<p>El pago de haberes con aumento iniciar\u00eda entre el 25 o 26 de marzo Los organismos t\u00e9cnicos del ministerio de Hacienda y Finanzas de la provincia, trabajan para establecer con&hellip; <\/p>\n","protected":false},"author":8,"featured_media":249105,"comment_status":"closed","ping_status":"open","sticky":false,"template":"","format":"standard","meta":{"footnotes":""},"categories":[26],"tags":[],"class_list":["post-249104","post","type-post","status-publish","format-standard","has-post-thumbnail","hentry","category-destacados"],"_links":{"self":[{"href":"https:\/\/corrientesdetarde.com\/index.php\/wp-json\/wp\/v2\/posts\/249104","targetHints":{"allow":["GET"]}}],"collection":[{"href":"https:\/\/corrientesdetarde.com\/index.php\/wp-json\/wp\/v2\/posts"}],"about":[{"href":"https:\/\/corrientesdetarde.com\/index.php\/wp-json\/wp\/v2\/types\/post"}],"author":[{"embeddable":true,"href":"https:\/\/corrientesdetarde.com\/index.php\/wp-json\/wp\/v2\/users\/8"}],"replies":[{"embeddable":true,"href":"https:\/\/corrientesdetarde.com\/index.php\/wp-json\/wp\/v2\/comments?post=249104"}],"version-history":[{"count":1,"href":"https:\/\/corrientesdetarde.com\/index.php\/wp-json\/wp\/v2\/posts\/249104\/revisions"}],"predecessor-version":[{"id":249106,"href":"https:\/\/corrientesdetarde.com\/index.php\/wp-json\/wp\/v2\/posts\/249104\/revisions\/249106"}],"wp:featuredmedia":[{"embeddable":true,"href":"https:\/\/corrientesdetarde.com\/index.php\/wp-json\/wp\/v2\/media\/249105"}],"wp:attachment":[{"href":"https:\/\/corrientesdetarde.com\/index.php\/wp-json\/wp\/v2\/media?parent=249104"}],"wp:term":[{"taxonomy":"category","embeddable":true,"href":"https:\/\/corrientesdetarde.com\/index.php\/wp-json\/wp\/v2\/categories?post=249104"},{"taxonomy":"post_tag","embeddable":true,"href":"https:\/\/corrientesdetarde.com\/index.php\/wp-json\/wp\/v2\/tags?post=249104"}],"curies":[{"name":"wp","href":"https:\/\/api.w.org\/{rel}","templated":true}]}}