{"id":249108,"date":"2026-03-12T16:20:43","date_gmt":"2026-03-12T19:20:43","guid":{"rendered":"https:\/\/corrientesdetarde.com\/?p=249108"},"modified":"2026-03-12T16:21:08","modified_gmt":"2026-03-12T19:21:08","slug":"inflacion-de-febrero-de-2026-como-quedaron-los-numeros-despues-del-dato-del-indec","status":"publish","type":"post","link":"https:\/\/corrientesdetarde.com\/index.php\/economia\/inflacion-de-febrero-de-2026-como-quedaron-los-numeros-despues-del-dato-del-indec\/","title":{"rendered":"Inflaci\u00f3n de febrero de 2026: c\u00f3mo quedaron los n\u00fameros despu\u00e9s del dato del INDEC"},"content":{"rendered":"\n<p>Los precios al consumidor aumentaron 2,9% en el segundo mes del a\u00f1o y acumulan un alza interanual de 33,1%.<\/p>\n\n\n\n<p>El&nbsp;<strong>Instituto Nacional de Estad\u00edsticas y Censos<\/strong>&nbsp;(INDEC) public\u00f3 este jueves el dato de<strong>&nbsp;inflaci\u00f3n de febrero<\/strong>, que fue<strong>&nbsp;2,9%<\/strong>&nbsp;y acumul\u00f3 una suba de&nbsp;<strong>33,1% en los \u00faltimos 12 meses<\/strong>.<\/p>\n\n\n\n<h2 class=\"wp-block-heading\">Inflaci\u00f3n de febrero 2026: c\u00f3mo qued\u00f3 el dato en la Argentina<\/h2>\n\n\n\n<p>La inflaci\u00f3n en<strong>&nbsp;febrero de 2026 cerr\u00f3 en 2,9%<\/strong>, seg\u00fan los datos publicados por el INDEC. El \u00edndice fue igual al de enero.<\/p>\n\n\n\n<h2 class=\"wp-block-heading\">Inflaci\u00f3n: cu\u00e1nto subieron los alimentos en febrero de 2026<\/h2>\n\n\n\n<p>De acuerdo a los datos del INDEC, los alimentos subieron<strong>&nbsp;3,3%<\/strong>&nbsp;en el segundo mes de 2025.<\/p>\n\n\n\n<h2 class=\"wp-block-heading\">Inflaci\u00f3n 2026: cu\u00e1nto subi\u00f3 mes tras mes<\/h2>\n\n\n\n<ul class=\"wp-block-list\">\n<li>Inflaci\u00f3n\u00a0<strong>enero 2026<\/strong>: 2,9% mientras los precios de los alimentos subieron 4,7%.<\/li>\n\n\n\n<li>Inflaci\u00f3n<strong>\u00a0febrero 2026<\/strong>: 2,9% y el incremento de los alimentos fue de 3,3%.<\/li>\n<\/ul>\n\n\n\n<h2 class=\"wp-block-heading\">Inflaci\u00f3n 2025: de cu\u00e1nto fue<\/h2>\n\n\n\n<p>Entre&nbsp;<strong>enero y diciembre de 2025<\/strong>, los precios aumentaron&nbsp;<strong>31,5%<\/strong>.<\/p>\n","protected":false},"excerpt":{"rendered":"<p>Los precios al consumidor aumentaron 2,9% en el segundo mes del a\u00f1o y acumulan un alza interanual de 33,1%. El&nbsp;Instituto Nacional de Estad\u00edsticas y Censos&nbsp;(INDEC) public\u00f3 este jueves el dato&hellip; <\/p>\n","protected":false},"author":8,"featured_media":249109,"comment_status":"closed","ping_status":"open","sticky":false,"template":"","format":"standard","meta":{"footnotes":""},"categories":[20],"tags":[],"class_list":["post-249108","post","type-post","status-publish","format-standard","has-post-thumbnail","hentry","category-economia"],"_links":{"self":[{"href":"https:\/\/corrientesdetarde.com\/index.php\/wp-json\/wp\/v2\/posts\/249108","targetHints":{"allow":["GET"]}}],"collection":[{"href":"https:\/\/corrientesdetarde.com\/index.php\/wp-json\/wp\/v2\/posts"}],"about":[{"href":"https:\/\/corrientesdetarde.com\/index.php\/wp-json\/wp\/v2\/types\/post"}],"author":[{"embeddable":true,"href":"https:\/\/corrientesdetarde.com\/index.php\/wp-json\/wp\/v2\/users\/8"}],"replies":[{"embeddable":true,"href":"https:\/\/corrientesdetarde.com\/index.php\/wp-json\/wp\/v2\/comments?post=249108"}],"version-history":[{"count":1,"href":"https:\/\/corrientesdetarde.com\/index.php\/wp-json\/wp\/v2\/posts\/249108\/revisions"}],"predecessor-version":[{"id":249110,"href":"https:\/\/corrientesdetarde.com\/index.php\/wp-json\/wp\/v2\/posts\/249108\/revisions\/249110"}],"wp:featuredmedia":[{"embeddable":true,"href":"https:\/\/corrientesdetarde.com\/index.php\/wp-json\/wp\/v2\/media\/249109"}],"wp:attachment":[{"href":"https:\/\/corrientesdetarde.com\/index.php\/wp-json\/wp\/v2\/media?parent=249108"}],"wp:term":[{"taxonomy":"category","embeddable":true,"href":"https:\/\/corrientesdetarde.com\/index.php\/wp-json\/wp\/v2\/categories?post=249108"},{"taxonomy":"post_tag","embeddable":true,"href":"https:\/\/corrientesdetarde.com\/index.php\/wp-json\/wp\/v2\/tags?post=249108"}],"curies":[{"name":"wp","href":"https:\/\/api.w.org\/{rel}","templated":true}]}}