{"id":249115,"date":"2026-03-12T16:39:41","date_gmt":"2026-03-12T19:39:41","guid":{"rendered":"https:\/\/corrientesdetarde.com\/?p=249115"},"modified":"2026-03-12T16:39:47","modified_gmt":"2026-03-12T19:39:47","slug":"anthropic-demando-al-gobierno-de-eeuu-por-haberla-etiquetado-como-una-empresa-de-riesgo","status":"publish","type":"post","link":"https:\/\/corrientesdetarde.com\/index.php\/tecnologia\/anthropic-demando-al-gobierno-de-eeuu-por-haberla-etiquetado-como-una-empresa-de-riesgo\/","title":{"rendered":"Anthropic demand\u00f3 al gobierno de EEUU por haberla etiquetado como una \u201cempresa de riesgo\u201d"},"content":{"rendered":"\n<p>El especialista en IA profundiza su conflicto con el Departamento de Guerra de aquel pa\u00eds, luego de que se negara a colaborar con tareas de vigilancia y desarrollo de armas.<\/p>\n\n\n\n<p>El\u00a0<strong>pleito entre Anthropic y el gobierno de Donald Trump<\/strong>vuelve a escalar. La compa\u00f1\u00eda especializada en inteligencia artificial present\u00f3 una\u00a0<strong>demanda contra el Departamento de Guerra y otras agencias<\/strong>\u00a0federales por haberla etiquetado como un \u201criesgo para la cadena de suministro\u201d, seg\u00fan\u00a0<em>CNN<\/em>.<\/p>\n\n\n\n<p>El conflicto entre las partes se hizo p\u00fablico cuando\u00a0<strong>el desarrollador del chatbot Claude se neg\u00f3 a cooperar con el Pent\u00e1gono<\/strong>. Tal como se\u00f1alamos anteriormente en\u00a0<strong>Tecno<\/strong>, la\u00a0<em>startup<\/em>\u00a0radicada en San Fracisco, California, se rehus\u00f3 a que sus modelos sean utilizados para vigilancia dom\u00e9stica masiva y para el desarrollo de armas aut\u00f3nomas.<\/p>\n\n\n\n<figure class=\"wp-block-image\"><img decoding=\"async\" src=\"https:\/\/tn.com.ar\/resizer\/v2\/claude-llego-a-la-cima-de-los-rankings-de-descargas-en-la-tienda-de-apple-tras-el-senalamiento-de-trump-foto-adobe-stock-AZ2N2XCZGVHMDBMY3I73H2V2JI.jpeg?auth=35f5ee697085084b59f4a8a426b8f166217dec0dadb218f0e42ac112af878a6e&amp;width=767\" alt=\"Claude lleg\u00f3 a la cima de los rankings de descargas en la tienda de Apple tras el se\u00f1alamiento de Trump. (Foto: Adobe Stock)\"\/><\/figure>\n\n\n\n<p>Luego de esa negativa,&nbsp;<strong>Trump catalogo a Anthropic como un representante de la izquierda radical<\/strong>&nbsp;y la empresa recibi\u00f3 la mencionada etiqueta. Siguiendo&nbsp;<em>a la fuente<\/em>, la designaci\u00f3n de \u201criesgo para la cadena de suministro\u201d habitualmente apunta a empresas asociadas con adversarios extranjeros de Estados Unidos.<\/p>\n\n\n\n<p>El grupo especializado en IA not\u00f3 que aquella es una medida \u201csin precedentes (&#8230;) que nunca se hab\u00eda aplicado p\u00fablicamente a una empresa estadounidense\u201d. En la ocasi\u00f3n, desde Anthropic a\u00f1adieron que la decisi\u00f3n sienta \u201cun&nbsp;<strong>precedente peligroso para cualquier empresa estadounidense<\/strong>&nbsp;que negocie con el Gobierno\u201d.<\/p>\n\n\n\n<h2 class=\"wp-block-heading\">Anthropic demand\u00f3 al gobierno de Estados Unidos: \u201cSeguiremos buscando una resoluci\u00f3n\u201d<\/h2>\n\n\n\n<p>\u201cSolicitar una revisi\u00f3n judicial no altera nuestro compromiso de larga data de&nbsp;<strong>aprovechar la IA para proteger nuestra seguridad nacional<\/strong>, pero es un paso necesario para proteger a nuestro negocio, a nuestros clientes y a nuestros socios\u201d, dijo un vocero de Anthropic en un comunicado.<\/p>\n\n\n\n<p>\u201c<strong>Seguiremos buscando todas las v\u00edas para una resoluci\u00f3n, incluyendo el di\u00e1logo con el Gobierno<\/strong>\u201d, agreg\u00f3.<\/p>\n\n\n\n<figure class=\"wp-block-image\"><img decoding=\"async\" src=\"https:\/\/tn.com.ar\/resizer\/v2\/anthropic-vs-departamento-de-guerra-un-pleito-que-escala-foto-reutersdado-ruvic-DJVQKFKVMV45Q7VMFDXE53VO4U.jpg?auth=430ec8a938f70e97468961cc3adf3560a919722855a137df7dbdde1a239ad296&amp;width=767\" alt=\"Anthropic vs. Departamento de Guerra: un pleito que escala. (Foto: Reuters\/Dado Ruvic)\"\/><\/figure>\n\n\n\n<p>El Departamento de Guerra de\u00a0EE.UU\u00a0. pretende utilizar los sistemas de IA, entre ellos Claude, \u201cpara todos los fines legales\u201d. El organismo que depende del Gobierno argumenta que una empresa privada no puede determinar c\u00f3mo se emplean las herramientas para proteger la seguridad nacional.<\/p>\n\n\n\n<p>Tras la negativa de Anthropic, la administraci\u00f3n de Trump orden\u00f3 a todas las agencias federales y a los contratistas que suspendan los negocios con esa&nbsp;<em>startup&nbsp;<\/em>y&nbsp;<strong>bloqueen el acceso a Claude<\/strong>, un sistema con un funcionamiento similar a ChatGPT, Gemini y MetaAI, por mencionar paradigmas del sector.<\/p>\n\n\n\n<p>En ese marco, OpenAI, la organizaci\u00f3n detr\u00e1s de ChatGPT, sell\u00f3 su propio acuerdo con el Pent\u00e1gono. Por su parte, las reuniones del director de Anthropic, Dario Amodei, con representantes del gobierno, no llegaron a buen puerto.<\/p>\n\n\n\n<p>La escalada en este conflicto ha otorgado una mayor visibilidad a Claude de\u00a0Anthropic, que por primera vez lleg\u00f3 al primer lugar en el ranking de descargas\u00a0en las tiendas de aplicaciones m\u00f3viles. Por su parte, las desinstalaciones de ChatGPT aumentaron interanualmente tras la divulgaci\u00f3n de este pleito y del rol de OpenAI en las negociaciones.<\/p>\n\n\n\n<p><\/p>\n","protected":false},"excerpt":{"rendered":"<p>El especialista en IA profundiza su conflicto con el Departamento de Guerra de aquel pa\u00eds, luego de que se negara a colaborar con tareas de vigilancia y desarrollo de armas.&hellip; <\/p>\n","protected":false},"author":8,"featured_media":249116,"comment_status":"closed","ping_status":"open","sticky":false,"template":"","format":"standard","meta":{"footnotes":""},"categories":[24],"tags":[],"class_list":["post-249115","post","type-post","status-publish","format-standard","has-post-thumbnail","hentry","category-tecnologia"],"_links":{"self":[{"href":"https:\/\/corrientesdetarde.com\/index.php\/wp-json\/wp\/v2\/posts\/249115","targetHints":{"allow":["GET"]}}],"collection":[{"href":"https:\/\/corrientesdetarde.com\/index.php\/wp-json\/wp\/v2\/posts"}],"about":[{"href":"https:\/\/corrientesdetarde.com\/index.php\/wp-json\/wp\/v2\/types\/post"}],"author":[{"embeddable":true,"href":"https:\/\/corrientesdetarde.com\/index.php\/wp-json\/wp\/v2\/users\/8"}],"replies":[{"embeddable":true,"href":"https:\/\/corrientesdetarde.com\/index.php\/wp-json\/wp\/v2\/comments?post=249115"}],"version-history":[{"count":1,"href":"https:\/\/corrientesdetarde.com\/index.php\/wp-json\/wp\/v2\/posts\/249115\/revisions"}],"predecessor-version":[{"id":249117,"href":"https:\/\/corrientesdetarde.com\/index.php\/wp-json\/wp\/v2\/posts\/249115\/revisions\/249117"}],"wp:featuredmedia":[{"embeddable":true,"href":"https:\/\/corrientesdetarde.com\/index.php\/wp-json\/wp\/v2\/media\/249116"}],"wp:attachment":[{"href":"https:\/\/corrientesdetarde.com\/index.php\/wp-json\/wp\/v2\/media?parent=249115"}],"wp:term":[{"taxonomy":"category","embeddable":true,"href":"https:\/\/corrientesdetarde.com\/index.php\/wp-json\/wp\/v2\/categories?post=249115"},{"taxonomy":"post_tag","embeddable":true,"href":"https:\/\/corrientesdetarde.com\/index.php\/wp-json\/wp\/v2\/tags?post=249115"}],"curies":[{"name":"wp","href":"https:\/\/api.w.org\/{rel}","templated":true}]}}