{"id":249118,"date":"2026-03-12T19:08:55","date_gmt":"2026-03-12T22:08:55","guid":{"rendered":"https:\/\/corrientesdetarde.com\/?p=249118"},"modified":"2026-03-12T22:30:39","modified_gmt":"2026-03-13T01:30:39","slug":"corrientes-tiene-que-trabajar-con-la-nacion-para-articular-no-para-pedir-asistencialismo-eterno","status":"publish","type":"post","link":"https:\/\/corrientesdetarde.com\/index.php\/locales\/corrientes-tiene-que-trabajar-con-la-nacion-para-articular-no-para-pedir-asistencialismo-eterno\/","title":{"rendered":"\u201cCorrientes tiene que trabajar con la Naci\u00f3n para articular, no para pedir asistencialismo eterno\u201d"},"content":{"rendered":"\n<h2 class=\"wp-block-heading\">El ministro de Desarrollo Social de Corrientes, Jos\u00e9 Irigoyen, se reuni\u00f3n con Sandra Pettovello, ministra de Capital Humano de Javier Milei. Antes del encuentro -del que surgi\u00f3 la firma de un convenio para mejor la atenci\u00f3n a ni\u00f1os desde el embarazo- el funcionario habl\u00f3 con Corrientes de Tarde sobre las pol\u00edticas del Gobierno provincial para el \u00e1rea.<\/h2>\n\n\n\n<p><strong>Corresponsal\u00eda Buenos Aires.<\/strong><\/p>\n\n\n\n<p>\u201cEstamos ac\u00e1 para trabajar juntos. Esa es la idea. La relaci\u00f3n con el Gobierno nacional es importante para la provincia. As\u00ed como la provincia y un municipio es bueno que trabajen juntos, tambi\u00e9n es bueno que trabajen Corrientes con la Naci\u00f3n para articular, no para pedir el asistencialismo eterno\u201d, expres\u00f3 Jos\u00e9 Irigoyen, ministro de Desarrollo Social de la provincia, en di\u00e1logo con Corrientes de Tarde minutos antes de mantener una reuni\u00f3n con Sandra Pettovello, ministra de Capital Humano del Gobierno nacional.<\/p>\n\n\n\n<p>\u201cLo que no tiene la provincia, tiene la naci\u00f3n, y eso siempre, siempre tiene que tener un objetivo com\u00fan, que es quien requiere un beneficio, ya sea por una discapacidad, sea por una necesidad de seguridad alimentaria; sea para emprendedores, Por eso es fundamental el trabajo conjunto que pueden hacer Naci\u00f3n y Provincia\u201d, grafic\u00f3 el funcionario provincial durante su estad\u00eda en la Ciudad Aut\u00f3noma de Buenos Aires para reunirse.<\/p>\n\n\n\n<p>De este primer encuentro entre ambos funcionarios surgi\u00f3 la adhesi\u00f3n de Corrientes al Programa Federal de Primera Infancia, concebido para mejorar el acceso y la calidad de atenci\u00f3n de ni\u00f1os desde el embarazo hasta los cuatro a\u00f1os. Se implementar\u00e1 fortaleciendo los Centros de Desarrollo Infantil y acompa\u00f1ando a las familias.<\/p>\n\n\n\n<p>Irigoyen estuvo acompa\u00f1ado en Buenos Aires por el diputado Diogenes Gonz\u00e1lez, ex ministro de la cartera de Desarrollo Social de Corrientes y actual diputado nacional. Este es el primer contacto que Irigoyen mantiene con Pettovello y admiti\u00f3 que le llev\u00f3 planteos a la ministra de Javier Milei, pero que el \u00e1nimo que lo inspira a \u00e9l, en nombre del gobierno de Juan Pablo Vald\u00e9s, \u201ces el de la colaboraci\u00f3n\u201d, como qued\u00f3 plasmado en la firma del documento final.<\/p>\n\n\n\n<p>Durante la entrevista con Corrientes de Tarde, Irigoyen expres\u00f3 que la mejor pol\u00edtica social es la del empleo. \u201cCorrientes ha tenido un enorme desarrollo en cuanto al empleo privado. \u00bfPor qu\u00e9? porque siempre cre\u00edmos que, como gobierno, el Estado tiene que crear las condiciones para que las cosas ocurran. Y justamente lo que hizo Gustavo Vald\u00e9s, el anterior gobernador, y lo que contin\u00faa el actual mandatario provincial, Juan Pablo Vald\u00e9s, es hacer que el Estado cree los espacios para que el inversor venga a Corrientes, para que los correntinos puedan emplearse en el sector privado\u201d, repas\u00f3 Irigoyen.<\/p>\n\n\n\n<p>El ministro de Desarrollo Social remarc\u00f3 que sus palabras est\u00e1n respaldadas por hechos. \u201cEso es lo que ha ocurrido: hoy tenemos 18 parques industriales, 10 en marcha y 8 en formaci\u00f3n. Es decir: tiene un enorme potencial la provincia y no solo en el tema de parques industriales, porque tambi\u00e9n tenemos el nuevo puerto de Ituzaing\u00f3 y estamos desarrollando proyectos en otros lugares de la provincia\u201d, enumer\u00f3 Irigoyen.<\/p>\n\n\n\n<p>El funcionario correntino destac\u00f3 adem\u00e1s que la provincia dispone de materia prima que se necesita para generar la industrializaci\u00f3n. Y dio el ejemplo de la madera: \u201cSe ha dado un enorme paso en Corrientes, quien recorre la provincia, hoy ve 70.000 hect\u00e1reas de bosque forestado para obtener madera a la que despu\u00e9s se le puede dar valor agregado dentro de la provincia. Eso antes no exist\u00eda\u201d, enfatiz\u00f3 Irigoyen.<\/p>\n\n\n\n<p>El ministro detall\u00f3 que \u201ctenemos empresas multinacionales que se han instalado y son gestiones que hizo el Gobierno correntino\u201d y remarc\u00f3 que esa pol\u00edtica sigue con fuerte impulso al destacar que \u201cel gobernador Juan Pablo Vald\u00e9s viaj\u00f3 a Estados Unidos para participar de la Argentina Week\u201d, la feria de promoci\u00f3n ante inversores que se realiz\u00f3 esta semana en Nueva York.<\/p>\n\n\n\n<p>Vald\u00e9s -agreg\u00f3 el jefe de la cartera de Desarrollo Social- \u201ctambi\u00e9n fue con la misi\u00f3n espec\u00edfica de explorar qu\u00e9 m\u00e1s podemos agregar a nuestro sistema productivo, a las inversiones que, como bien sabemos, si hay algo que le hace falta a la Argentina y a Corrientes es m\u00e1s trabajo en el sector privado, y en eso coincidimos plenamente con lo que quiere hacer el presidente Javier Milei\u201d.<\/p>\n\n\n\n<p>Para concluir, Irigoyen anticip\u00f3 a Corrientes de Tarde que, fundamentalmente, en este primer encuentro con Pettovello pondr\u00eda el foco en \u201ccompartir la experiencia de Corrientes\u201d. Es decir, las iniciativas enumeradas y otras que est\u00e1n en marcha, \u201ccomo en el caso de la seguridad alimentaria, que es un \u00e1rea perfectamente trazable, con datos, y en la que no hay intermediarios. All\u00ed hay un trabajo hecho, que por supuesto, en esta propuesta de acompa\u00f1amiento que le pedimos, es justamente para trabajar juntos y hacer por ese argentino, correntino, un poco m\u00e1s\u201d.<\/p>\n","protected":false},"excerpt":{"rendered":"<p>El ministro de Desarrollo Social de Corrientes, Jos\u00e9 Irigoyen, se reuni\u00f3n con Sandra Pettovello, ministra de Capital Humano de Javier Milei. Antes del encuentro -del que surgi\u00f3 la firma de&hellip; <\/p>\n","protected":false},"author":11,"featured_media":249119,"comment_status":"closed","ping_status":"open","sticky":false,"template":"","format":"standard","meta":{"footnotes":""},"categories":[8],"tags":[3083,3086,3085,1355,3087],"class_list":["post-249118","post","type-post","status-publish","format-standard","has-post-thumbnail","hentry","category-locales","tag-desarrollo-social","tag-infancia","tag-jose-irigoyen","tag-pettovello","tag-plan-de-asistencia"],"_links":{"self":[{"href":"https:\/\/corrientesdetarde.com\/index.php\/wp-json\/wp\/v2\/posts\/249118","targetHints":{"allow":["GET"]}}],"collection":[{"href":"https:\/\/corrientesdetarde.com\/index.php\/wp-json\/wp\/v2\/posts"}],"about":[{"href":"https:\/\/corrientesdetarde.com\/index.php\/wp-json\/wp\/v2\/types\/post"}],"author":[{"embeddable":true,"href":"https:\/\/corrientesdetarde.com\/index.php\/wp-json\/wp\/v2\/users\/11"}],"replies":[{"embeddable":true,"href":"https:\/\/corrientesdetarde.com\/index.php\/wp-json\/wp\/v2\/comments?post=249118"}],"version-history":[{"count":1,"href":"https:\/\/corrientesdetarde.com\/index.php\/wp-json\/wp\/v2\/posts\/249118\/revisions"}],"predecessor-version":[{"id":249120,"href":"https:\/\/corrientesdetarde.com\/index.php\/wp-json\/wp\/v2\/posts\/249118\/revisions\/249120"}],"wp:featuredmedia":[{"embeddable":true,"href":"https:\/\/corrientesdetarde.com\/index.php\/wp-json\/wp\/v2\/media\/249119"}],"wp:attachment":[{"href":"https:\/\/corrientesdetarde.com\/index.php\/wp-json\/wp\/v2\/media?parent=249118"}],"wp:term":[{"taxonomy":"category","embeddable":true,"href":"https:\/\/corrientesdetarde.com\/index.php\/wp-json\/wp\/v2\/categories?post=249118"},{"taxonomy":"post_tag","embeddable":true,"href":"https:\/\/corrientesdetarde.com\/index.php\/wp-json\/wp\/v2\/tags?post=249118"}],"curies":[{"name":"wp","href":"https:\/\/api.w.org\/{rel}","templated":true}]}}