{"id":249123,"date":"2026-03-12T22:54:21","date_gmt":"2026-03-13T01:54:21","guid":{"rendered":"https:\/\/corrientesdetarde.com\/?p=249123"},"modified":"2026-03-12T22:54:33","modified_gmt":"2026-03-13T01:54:33","slug":"fin-de-semana-con-propuestas-deportivas-recorridos-guiados-ferias-y-musica","status":"publish","type":"post","link":"https:\/\/corrientesdetarde.com\/index.php\/eventos\/fin-de-semana-con-propuestas-deportivas-recorridos-guiados-ferias-y-musica\/","title":{"rendered":"Fin de semana con propuestas  deportivas, recorridos guiados, ferias y m\u00fasica"},"content":{"rendered":"\n<p><em>La Municipalidad de Corrientes ofrecer\u00e1 una variada agenda de actividades recreativas, deportivas y culturales en playas, plazas y paseos costeros. Habr\u00e1 clases gratuitas, ferias de artesanos y emprendedores, sunset de m\u00fasica electr\u00f3nica y circuitos tur\u00edsticos guiados.<\/em><\/p>\n\n\n\n<p><\/p>\n\n\n\n<p>La Municipalidad de Corrientes prepar\u00f3 una nutrida agenda de actividades recreativas, deportivas y culturales para este fin de semana. Las propuestas se desarrollar\u00e1n en distintos espacios p\u00fablicos de la ciudad, principalmente en las playas y paseos costeros, con acceso libre y gratuito para todas las edades.<br><br>El cronograma incluye clases deportivas, torneos en la arena, ferias de emprendedores y circuitos tur\u00edsticos guiados, con el objetivo de promover el disfrute de los espacios p\u00fablicos y el contacto con el r\u00edo Paran\u00e1.<br><br>La agenda comenzar\u00e1 el viernes 13 de marzo con clases gratuitas de nataci\u00f3n que se realizar\u00e1 en playa Arazaty I (Av. Costanera Juan Pablo II y Necochea) en dos turnos: de 8 a 9 y de 9 a 10. Los interesados pueden solicitar informaci\u00f3n e inscribirse al 3794-596271.<br><br>Durante toda la jornada tambi\u00e9n se podr\u00e1 recorrer la Feria de Artesanos en plaza Cabral, abierta de 9 a 21, donde se ofrecer\u00e1n productos elaborados por emprendedores locales. La misma feria se repetir\u00e1 el s\u00e1bado y el domingo, en la Costanera, en el tramo de Av. Juan Pablo II y Necochea, de 10 a 21.<\/p>\n\n\n\n<figure class=\"wp-block-image size-full\"><img loading=\"lazy\" decoding=\"async\" width=\"853\" height=\"538\" src=\"https:\/\/corrientesdetarde.com\/wp-content\/uploads\/2026\/03\/image-327.png\" alt=\"\" class=\"wp-image-249128\" srcset=\"https:\/\/corrientesdetarde.com\/wp-content\/uploads\/2026\/03\/image-327.png 853w, https:\/\/corrientesdetarde.com\/wp-content\/uploads\/2026\/03\/image-327-300x189.png 300w, https:\/\/corrientesdetarde.com\/wp-content\/uploads\/2026\/03\/image-327-768x484.png 768w\" sizes=\"auto, (max-width: 853px) 100vw, 853px\" \/><\/figure>\n\n\n\n<p><br><br>El s\u00e1bado las actividades comenzar\u00e1n a las 9, en playa Molina Punta, con la Experiencia Kayak, con clases gratuitas para personas de todas las edades. En el mismo sector tambi\u00e9n se desarrollar\u00e1n partidos recreativos de f\u00fatbol y v\u00f3ley de 17 a 19.<br><br>La jornada continuar\u00e1 con diversas propuestas deportivas abiertas al p\u00fablico. En playa Molina Punta, desde las 18, habr\u00e1 una clase de zumba, ritmo y energ\u00eda. Adem\u00e1s, en el mismo balneario habr\u00e1 f\u00fatbol y voley, de 17 a 19.<br><br>Entre tanto, en la playa Arazaty I (Av. Costanera Juan Pablo II y General Paz), desde las 18, se desarrollar\u00e1\u00a0 entrenamiento libre de f\u00fatbol Waliki y tejo. Una hora m\u00e1s tarde en el mismo sector habr\u00e1 una clase de Zumba Gold.<br><br>En el barrio Santa Mar\u00eda se llevar\u00e1 adelante una clase abierta y gratuita de Tenis Social. Ser\u00e1 en la plaza de los Constituyentes (R\u00edo Limay esquina Congreso), 9 a 11; informes e inscripciones: 3794-916670.<br><br>A su vez, se realizar\u00e1 una nueva edici\u00f3n del ciclo de m\u00fasica electr\u00f3nica &#8220;Munisunset&#8221;. Dar\u00e1 inicio a las 18, en el play\u00f3n debajo del puente Gral. Belgrano. En el Mes de la Mujer, se presentar\u00e1n las Djs: Luxar y Sara Garcia. Se suman adem\u00e1s emprendedores, espacio gastron\u00f3mico y barra de tragos.<br><br>Por otra parte, se organiz\u00f3 el circuito tur\u00edstico &#8216;Descubr\u00ed Corrientes&#8217;, con un recorrido guiado por la Iglesia y plaza La Cruz, desde las 19, con inscripci\u00f3n previa en\u00a0<a href=\"http:\/\/bit.ly\/descubrictes\" target=\"_blank\" rel=\"noreferrer noopener\">bit.ly\/descubrictes<\/a>.<br><br>FERIA Y DEPORTES<br><br>El domingo, por la tarde, a partir de las 18, en playa Arazaty I, se desarrollar\u00e1n las actividades recreativas de tejo en la playa y el entrenamiento libre de f\u00fatbol Waliki.<br><br>En paralelo, de 18 a 23, el anfiteatro Jos\u00e9 Hern\u00e1ndez (Av. Costanera y Pago Largo) ser\u00e1 escenario de Ciudad de Dise\u00f1o, un espacio que re\u00fane a emprendedores creativos con propuestas de indumentaria, objetos de dise\u00f1o, decoraci\u00f3n, productos did\u00e1cticos y gastronom\u00eda.<br><br>La agenda deportiva del domingo culminar\u00e1 a las 19 con una clase de Zumba Gold en playa Arazaty, abierta a todo p\u00fablico.<br><br>Con estas propuestas, el municipio busca promover la vida saludable, la recreaci\u00f3n y el turismo local, invitando a vecinos y visitantes a disfrutar de los espacios p\u00fablicos y de la costanera correntina durante todo el fin de semana.<\/p>\n","protected":false},"excerpt":{"rendered":"<p>La Municipalidad de Corrientes ofrecer\u00e1 una variada agenda de actividades recreativas, deportivas y culturales en playas, plazas y paseos costeros. Habr\u00e1 clases gratuitas, ferias de artesanos y emprendedores, sunset de&hellip; <\/p>\n","protected":false},"author":1,"featured_media":249127,"comment_status":"closed","ping_status":"open","sticky":false,"template":"","format":"standard","meta":{"footnotes":""},"categories":[22],"tags":[],"class_list":["post-249123","post","type-post","status-publish","format-standard","has-post-thumbnail","hentry","category-eventos"],"_links":{"self":[{"href":"https:\/\/corrientesdetarde.com\/index.php\/wp-json\/wp\/v2\/posts\/249123","targetHints":{"allow":["GET"]}}],"collection":[{"href":"https:\/\/corrientesdetarde.com\/index.php\/wp-json\/wp\/v2\/posts"}],"about":[{"href":"https:\/\/corrientesdetarde.com\/index.php\/wp-json\/wp\/v2\/types\/post"}],"author":[{"embeddable":true,"href":"https:\/\/corrientesdetarde.com\/index.php\/wp-json\/wp\/v2\/users\/1"}],"replies":[{"embeddable":true,"href":"https:\/\/corrientesdetarde.com\/index.php\/wp-json\/wp\/v2\/comments?post=249123"}],"version-history":[{"count":1,"href":"https:\/\/corrientesdetarde.com\/index.php\/wp-json\/wp\/v2\/posts\/249123\/revisions"}],"predecessor-version":[{"id":249132,"href":"https:\/\/corrientesdetarde.com\/index.php\/wp-json\/wp\/v2\/posts\/249123\/revisions\/249132"}],"wp:featuredmedia":[{"embeddable":true,"href":"https:\/\/corrientesdetarde.com\/index.php\/wp-json\/wp\/v2\/media\/249127"}],"wp:attachment":[{"href":"https:\/\/corrientesdetarde.com\/index.php\/wp-json\/wp\/v2\/media?parent=249123"}],"wp:term":[{"taxonomy":"category","embeddable":true,"href":"https:\/\/corrientesdetarde.com\/index.php\/wp-json\/wp\/v2\/categories?post=249123"},{"taxonomy":"post_tag","embeddable":true,"href":"https:\/\/corrientesdetarde.com\/index.php\/wp-json\/wp\/v2\/tags?post=249123"}],"curies":[{"name":"wp","href":"https:\/\/api.w.org\/{rel}","templated":true}]}}