{"id":249129,"date":"2026-03-12T22:56:33","date_gmt":"2026-03-13T01:56:33","guid":{"rendered":"https:\/\/corrientesdetarde.com\/?p=249129"},"modified":"2026-03-12T22:56:35","modified_gmt":"2026-03-13T01:56:35","slug":"el-potencial-turistico-de-corrientes-se-exhibe-en-la-feria-de-pesca-deportiva-mas-grande-del-brasil","status":"publish","type":"post","link":"https:\/\/corrientesdetarde.com\/index.php\/eventossociedad\/el-potencial-turistico-de-corrientes-se-exhibe-en-la-feria-de-pesca-deportiva-mas-grande-del-brasil\/","title":{"rendered":"El potencial tur\u00edstico de Corrientes se exhibe en la feria de pesca deportiva m\u00e1s grande del Brasil"},"content":{"rendered":"\n<p>Con stand propio el Gobierno de la provincia de Corrientes a trav\u00e9s del Ministerio de Turismo participa del Trade Show Pesca &amp; Compa\u00f1\u00eda, la feria m\u00e1s importante del sector y que este a\u00f1o celebra sus 20 ediciones en el complejo Anhemb\u00ed de la ciudad de San Pablo, Brasil. Alrededor de veinte operadores tur\u00edsticos correntinos se encuentran trabajando para exhibir productos y servicios y, al mismo tiempo, concretar v\u00ednculos comerciales a futuro.<\/p>\n\n\n\n<p><\/p>\n\n\n\n<p>El ministro de Turismo Juan Enrique Braillard Poccard particip\u00f3 del acto inaugural que sigui\u00f3 con el tradicional corte de cintas y recorrida del predio. Al respecto, destac\u00f3: \u201cestamos felices de acompa\u00f1ar de tener una presencia muy importante aqu\u00ed en esta vig\u00e9sima edici\u00f3n del Trade Show en San Pablo, d\u00e1ndole el espacio sobre todo a los prestadores y operadores tur\u00edsticos de la provincia de ofrecer sus productos y mostrar los servicios que tienen para brindar al turista\u201d.<\/p>\n\n\n\n<p>Este tipo de espacios son fundamentales para que nuestros operadores&nbsp;puedan seguir teniendo oportunidades, tanto para su desarrollo como para que esto genere un buen impacto econ\u00f3mico para los correntinos. La premisa del Gobierno provincial es acompa\u00f1ar al sector privado, \u201cel gobernador Juan Pablo Vald\u00e9s nos inst\u00f3&nbsp;a todas las carteras y a todo lo que formamos parte de este equipo, seguir haciendo todo el esfuerzo posible para generar oportunidades para los correntinos\u201d, asegur\u00f3 el funcionario.<\/p>\n\n\n\n<p>Por otra parte, Braillard Poccard dijo: &#8220;estamos convencidos, lo tenemos bien en claro que el turismo es una herramienta fundamental para la generaci\u00f3n de empleo, as\u00ed que hoy Corrientes otra vez dice presente teniendo muy buen recibimiento por parte de los operadores de otros pa\u00edses que vienen a acercarse&#8221;.<\/p>\n\n\n\n<p>La actividad en San Pablo se hab\u00eda iniciado el pasado mi\u00e9rcoles en el sal\u00f3n del Banco Naci\u00f3n, con las ruedas de negocios que&nbsp;se han organizado con el Consulado Argentino en San Pablo. El ministro de Turismo indic\u00f3: \u201ctuvieron m\u00e1s de 40 reuniones entre los operadores y unas cinco reuniones privadas que he tenido yo, con Aerol\u00edneas Argentinas, con el Banco Naci\u00f3n, y con otras c\u00e1maras que tienen que ver con el turismo brasile\u00f1o. Y, adem\u00e1s, algo muy puntual con el recibimiento a toda la delegaci\u00f3n por parte del c\u00f3nsul aqu\u00ed de San Pablo.<\/p>\n\n\n\n<p>El Trade Show seguir\u00e1 hasta el s\u00e1bado 14 de marzo donde el stand correntino presentar\u00e1 su propuesta institucional y los prestadores de servicios tur\u00edsticos, la oportunidad de concretar acciones comerciales con sus pares brasile\u00f1os.<\/p>\n","protected":false},"excerpt":{"rendered":"<p>Con stand propio el Gobierno de la provincia de Corrientes a trav\u00e9s del Ministerio de Turismo participa del Trade Show Pesca &amp; Compa\u00f1\u00eda, la feria m\u00e1s importante del sector y&hellip; <\/p>\n","protected":false},"author":1,"featured_media":249136,"comment_status":"closed","ping_status":"open","sticky":false,"template":"","format":"standard","meta":{"footnotes":""},"categories":[1208],"tags":[],"class_list":["post-249129","post","type-post","status-publish","format-standard","has-post-thumbnail","hentry","category-eventossociedad"],"_links":{"self":[{"href":"https:\/\/corrientesdetarde.com\/index.php\/wp-json\/wp\/v2\/posts\/249129","targetHints":{"allow":["GET"]}}],"collection":[{"href":"https:\/\/corrientesdetarde.com\/index.php\/wp-json\/wp\/v2\/posts"}],"about":[{"href":"https:\/\/corrientesdetarde.com\/index.php\/wp-json\/wp\/v2\/types\/post"}],"author":[{"embeddable":true,"href":"https:\/\/corrientesdetarde.com\/index.php\/wp-json\/wp\/v2\/users\/1"}],"replies":[{"embeddable":true,"href":"https:\/\/corrientesdetarde.com\/index.php\/wp-json\/wp\/v2\/comments?post=249129"}],"version-history":[{"count":1,"href":"https:\/\/corrientesdetarde.com\/index.php\/wp-json\/wp\/v2\/posts\/249129\/revisions"}],"predecessor-version":[{"id":249139,"href":"https:\/\/corrientesdetarde.com\/index.php\/wp-json\/wp\/v2\/posts\/249129\/revisions\/249139"}],"wp:featuredmedia":[{"embeddable":true,"href":"https:\/\/corrientesdetarde.com\/index.php\/wp-json\/wp\/v2\/media\/249136"}],"wp:attachment":[{"href":"https:\/\/corrientesdetarde.com\/index.php\/wp-json\/wp\/v2\/media?parent=249129"}],"wp:term":[{"taxonomy":"category","embeddable":true,"href":"https:\/\/corrientesdetarde.com\/index.php\/wp-json\/wp\/v2\/categories?post=249129"},{"taxonomy":"post_tag","embeddable":true,"href":"https:\/\/corrientesdetarde.com\/index.php\/wp-json\/wp\/v2\/tags?post=249129"}],"curies":[{"name":"wp","href":"https:\/\/api.w.org\/{rel}","templated":true}]}}