{"id":249130,"date":"2026-03-12T22:56:11","date_gmt":"2026-03-13T01:56:11","guid":{"rendered":"https:\/\/corrientesdetarde.com\/?p=249130"},"modified":"2026-03-12T22:56:41","modified_gmt":"2026-03-13T01:56:41","slug":"juan-pablo-valdes-culmino-su-participacion-en-argentina-week-ponderando-los-beneficios-del-gas-natural-en-corrientes","status":"publish","type":"post","link":"https:\/\/corrientesdetarde.com\/index.php\/locales\/juan-pablo-valdes-culmino-su-participacion-en-argentina-week-ponderando-los-beneficios-del-gas-natural-en-corrientes\/","title":{"rendered":"Juan Pablo Vald\u00e9s culmin\u00f3 su participaci\u00f3n en Argentina Week ponderando los beneficios del gas natural en Corrientes"},"content":{"rendered":"\n<p>El gobernador Gustavo Vald\u00e9s particip\u00f3 del cierre de la Argentina Week en un panel de gobernadores este jueves en Nueva York, donde expuso sobre las oportunidades que se abrir\u00e1n para la producci\u00f3n y la industria correntina a partir de la construcci\u00f3n del gasoducto Chaco\u2013Santa Catalina. Durante su intervenci\u00f3n, el mandatario provincial sostuvo que la obra energ\u00e9tica tendr\u00e1 un impacto estrat\u00e9gico para el desarrollo econ\u00f3mico de la provincia.<\/p>\n\n\n\n<p><\/p>\n\n\n\n<p>En este marco, Vald\u00e9s explic\u00f3 que la infraestructura permitir\u00e1 ampliar las posibilidades para distintos sectores de la econom\u00eda local. Seg\u00fan detall\u00f3, la disponibilidad de gas impulsar\u00e1 el crecimiento de actividades vinculadas a la log\u00edstica, la industria qu\u00edmica y el sector alimentario, adem\u00e1s de facilitar la exportaci\u00f3n de productos agroindustriales deshidratados.<\/p>\n\n\n\n<p>Asimismo, se\u00f1al\u00f3 que el proyecto podr\u00eda favorecer la instalaci\u00f3n de nuevos modelos de negocios energ\u00e9ticos. \u201cAbrir\u00e1 oportunidades para el desarrollo de plantas de GNL o GNC\u201d, expres\u00f3 el gobernador al referirse al potencial que generar\u00e1 este futuro gasoducto.<\/p>\n\n\n\n<p>En ese contexto, el mandatario remarc\u00f3 la importancia de generar condiciones que favorezcan la radicaci\u00f3n de inversiones. \u201cCon reglas claras y un marco legal que promueve inversiones, Corrientes puede consolidarse como un nodo energ\u00e9tico del NEA\u201d, asegur\u00f3.<\/p>\n\n\n\n<p>Finalmente, Vald\u00e9s destac\u00f3 que este escenario permitir\u00eda atraer proyectos productivos que contribuyan al crecimiento econ\u00f3mico y a la generaci\u00f3n de empleo. En esa l\u00ednea, sostuvo que el objetivo es impulsar iniciativas que generen \u201cm\u00e1s empleo genuino para los correntinos\u201d.<\/p>\n","protected":false},"excerpt":{"rendered":"<p>El gobernador Gustavo Vald\u00e9s particip\u00f3 del cierre de la Argentina Week en un panel de gobernadores este jueves en Nueva York, donde expuso sobre las oportunidades que se abrir\u00e1n para&hellip; <\/p>\n","protected":false},"author":1,"featured_media":249135,"comment_status":"closed","ping_status":"open","sticky":false,"template":"","format":"standard","meta":{"footnotes":""},"categories":[8],"tags":[],"class_list":["post-249130","post","type-post","status-publish","format-standard","has-post-thumbnail","hentry","category-locales"],"_links":{"self":[{"href":"https:\/\/corrientesdetarde.com\/index.php\/wp-json\/wp\/v2\/posts\/249130","targetHints":{"allow":["GET"]}}],"collection":[{"href":"https:\/\/corrientesdetarde.com\/index.php\/wp-json\/wp\/v2\/posts"}],"about":[{"href":"https:\/\/corrientesdetarde.com\/index.php\/wp-json\/wp\/v2\/types\/post"}],"author":[{"embeddable":true,"href":"https:\/\/corrientesdetarde.com\/index.php\/wp-json\/wp\/v2\/users\/1"}],"replies":[{"embeddable":true,"href":"https:\/\/corrientesdetarde.com\/index.php\/wp-json\/wp\/v2\/comments?post=249130"}],"version-history":[{"count":1,"href":"https:\/\/corrientesdetarde.com\/index.php\/wp-json\/wp\/v2\/posts\/249130\/revisions"}],"predecessor-version":[{"id":249137,"href":"https:\/\/corrientesdetarde.com\/index.php\/wp-json\/wp\/v2\/posts\/249130\/revisions\/249137"}],"wp:featuredmedia":[{"embeddable":true,"href":"https:\/\/corrientesdetarde.com\/index.php\/wp-json\/wp\/v2\/media\/249135"}],"wp:attachment":[{"href":"https:\/\/corrientesdetarde.com\/index.php\/wp-json\/wp\/v2\/media?parent=249130"}],"wp:term":[{"taxonomy":"category","embeddable":true,"href":"https:\/\/corrientesdetarde.com\/index.php\/wp-json\/wp\/v2\/categories?post=249130"},{"taxonomy":"post_tag","embeddable":true,"href":"https:\/\/corrientesdetarde.com\/index.php\/wp-json\/wp\/v2\/tags?post=249130"}],"curies":[{"name":"wp","href":"https:\/\/api.w.org\/{rel}","templated":true}]}}