{"id":249148,"date":"2026-03-13T06:47:19","date_gmt":"2026-03-13T09:47:19","guid":{"rendered":"https:\/\/corrientesdetarde.com\/?p=249148"},"modified":"2026-03-13T10:41:56","modified_gmt":"2026-03-13T13:41:56","slug":"la-riqueza-turistica-de-corrientes-presente-en-la-feria-de-pesca-deportiva-mas-grande-del-brasil","status":"publish","type":"post","link":"https:\/\/corrientesdetarde.com\/index.php\/destacados\/la-riqueza-turistica-de-corrientes-presente-en-la-feria-de-pesca-deportiva-mas-grande-del-brasil\/","title":{"rendered":"La riqueza tur\u00edstica de Corrientes, presente en\u00a0la feria de pesca deportiva m\u00e1s grande del Brasil"},"content":{"rendered":"\n<h2 class=\"wp-block-heading\"><strong>La provincia tuvo un espacio de jerarqu\u00eda en el Trade Show Pesca &amp; Compa\u00f1\u00eda en San Pablo. El ministro Braillard Poccard acompa\u00f1\u00f3 a oferentes de servicios que realizaron numerosas ruedas de negocios con sus pares del vecino pa\u00eds.<\/strong><\/h2>\n\n\n\n<p><strong>Corrientes tiene un espacio de jerarqu\u00eda para presentar su diversidad de atractivos tur\u00edsticos en el importante mercado de Brasil. <\/strong>Con stand propio el Gobierno de la provincia, a trav\u00e9s del Ministerio de Turismo, participa del Trade Show Pesca &amp; Compa\u00f1\u00eda, la feria m\u00e1s importante del sector y que este a\u00f1o celebra sus 20 ediciones en el complejo Anhemb\u00ed de la ciudad de San Pablo.<\/p>\n\n\n\n<p>Alrededor de veinte operadores tur\u00edsticos correntinos se encuentran trabajando para exhibir productos y servicios y, al mismo tiempo, concretar v\u00ednculos comerciales a futuro. \u201cEstamos felices de acompa\u00f1ar, de tener una presencia muy importante aqu\u00ed en esta vig\u00e9sima edici\u00f3n del Trade Show en San Pablo, d\u00e1ndole el espacio -sobre todo a los prestadores y operadores tur\u00edsticos de la provincia- para ofrecer sus productos y mostrar los servicios que tienen para brindar al turista\u201d, afirm\u00f3 el ministro de Turismo Juan Enrique Braillard Poccard durante el acto inaugural del Trade Show que seguir\u00e1 hasta el s\u00e1bado 14 de marzo.<\/p>\n\n\n\n<figure class=\"wp-block-image size-large\"><img loading=\"lazy\" decoding=\"async\" width=\"1024\" height=\"851\" src=\"https:\/\/corrientesdetarde.com\/wp-content\/uploads\/2026\/03\/cdt-juan-braillard-p-Trade-show-2-1024x851.png\" alt=\"\" class=\"wp-image-249150\" srcset=\"https:\/\/corrientesdetarde.com\/wp-content\/uploads\/2026\/03\/cdt-juan-braillard-p-Trade-show-2-1024x851.png 1024w, https:\/\/corrientesdetarde.com\/wp-content\/uploads\/2026\/03\/cdt-juan-braillard-p-Trade-show-2-300x249.png 300w, https:\/\/corrientesdetarde.com\/wp-content\/uploads\/2026\/03\/cdt-juan-braillard-p-Trade-show-2-768x639.png 768w, https:\/\/corrientesdetarde.com\/wp-content\/uploads\/2026\/03\/cdt-juan-braillard-p-Trade-show-2.png 1098w\" sizes=\"auto, (max-width: 1024px) 100vw, 1024px\" \/><\/figure>\n\n\n\n<p>Brasil es uno de los principales emisores de turistas extranjeros hacia Corrientes y, puntualmente, de los que buscan el producto de excursiones de pesca. Por eso la participaci\u00f3n de los operadores tur\u00edsticos de la provincia en estos espacios es fundamental para que generen lucrativas oportunidades de negocio, tanto para su propio desarrollo as\u00ed como para brindar oportunidades a todos los correntinos que trabajan en torno al ecosistema tur\u00edstico..<\/p>\n\n\n\n<p>\u201cEl gobernador Juan Pablo Vald\u00e9s&nbsp;nos inst\u00f3&nbsp;a todas las carteras y a todos los que formamos parte de este equipo a seguir haciendo todo el esfuerzo posible para generar oportunidades para los correntinos\u201d, dijo en ese contexto el ministro de Turismo. \u201cLa premisa del Gobierno provincial -puntualiz\u00f3- es acompa\u00f1ar al sector privado\u201d.<\/p>\n\n\n\n<p>Braillard Poccard explic\u00f3 que &#8220;desde el Gobierno estamos convencidos, lo tenemos bien en claro, que el turismo es una herramienta fundamental para la generaci\u00f3n de empleo, as\u00ed que hoy Corrientes otra vez dice presente teniendo muy buen recibimiento por parte de los operadores de otros pa\u00edses que vienen a acercarse a nuestro espacio en el Trade Show Pesca &amp; Compa\u00f1\u00eda&#8221;.<\/p>\n\n\n\n<figure class=\"wp-block-image size-large\"><img loading=\"lazy\" decoding=\"async\" width=\"1024\" height=\"766\" src=\"https:\/\/corrientesdetarde.com\/wp-content\/uploads\/2026\/03\/cdt-juan-braillard-p-Trade-show-3-1024x766.png\" alt=\"\" class=\"wp-image-249151\" srcset=\"https:\/\/corrientesdetarde.com\/wp-content\/uploads\/2026\/03\/cdt-juan-braillard-p-Trade-show-3-1024x766.png 1024w, https:\/\/corrientesdetarde.com\/wp-content\/uploads\/2026\/03\/cdt-juan-braillard-p-Trade-show-3-300x224.png 300w, https:\/\/corrientesdetarde.com\/wp-content\/uploads\/2026\/03\/cdt-juan-braillard-p-Trade-show-3-768x574.png 768w, https:\/\/corrientesdetarde.com\/wp-content\/uploads\/2026\/03\/cdt-juan-braillard-p-Trade-show-3.png 1221w\" sizes=\"auto, (max-width: 1024px) 100vw, 1024px\" \/><\/figure>\n\n\n\n<p>Pero la agenda del Ministerio de Turismo excedi\u00f3 a esta feria. La actividad en San Pablo de la comitiva correntina se hab\u00eda iniciado el pasado mi\u00e9rcoles, con las ruedas de negocios que&nbsp;se han organizado con el Consulado Argentino en San Pablo para los oferentes de servicios de turismo y hospitalidad de la provincia.<\/p>\n\n\n\n<p>El ministro de Turismo detall\u00f3 al respecto: \u201cTuvieron m\u00e1s de 40 reuniones entre los operadores y unas cinco reuniones privadas que he tenido yo, con Aerol\u00edneas Argentinas, con el Banco Naci\u00f3n, y con otras c\u00e1maras que tienen que ver con el turismo brasile\u00f1o. Y adem\u00e1s, algo muy puntual con el recibimiento a toda la delegaci\u00f3n por parte del c\u00f3nsul aqu\u00ed de San Pablo.<\/p>\n","protected":false},"excerpt":{"rendered":"<p>La provincia tuvo un espacio de jerarqu\u00eda en el Trade Show Pesca &amp; Compa\u00f1\u00eda en San Pablo. El ministro Braillard Poccard acompa\u00f1\u00f3 a oferentes de servicios que realizaron numerosas ruedas&hellip; <\/p>\n","protected":false},"author":11,"featured_media":249149,"comment_status":"closed","ping_status":"open","sticky":false,"template":"","format":"standard","meta":{"footnotes":""},"categories":[26,31],"tags":[],"class_list":["post-249148","post","type-post","status-publish","format-standard","has-post-thumbnail","hentry","category-destacados","category-turismo"],"_links":{"self":[{"href":"https:\/\/corrientesdetarde.com\/index.php\/wp-json\/wp\/v2\/posts\/249148","targetHints":{"allow":["GET"]}}],"collection":[{"href":"https:\/\/corrientesdetarde.com\/index.php\/wp-json\/wp\/v2\/posts"}],"about":[{"href":"https:\/\/corrientesdetarde.com\/index.php\/wp-json\/wp\/v2\/types\/post"}],"author":[{"embeddable":true,"href":"https:\/\/corrientesdetarde.com\/index.php\/wp-json\/wp\/v2\/users\/11"}],"replies":[{"embeddable":true,"href":"https:\/\/corrientesdetarde.com\/index.php\/wp-json\/wp\/v2\/comments?post=249148"}],"version-history":[{"count":2,"href":"https:\/\/corrientesdetarde.com\/index.php\/wp-json\/wp\/v2\/posts\/249148\/revisions"}],"predecessor-version":[{"id":249213,"href":"https:\/\/corrientesdetarde.com\/index.php\/wp-json\/wp\/v2\/posts\/249148\/revisions\/249213"}],"wp:featuredmedia":[{"embeddable":true,"href":"https:\/\/corrientesdetarde.com\/index.php\/wp-json\/wp\/v2\/media\/249149"}],"wp:attachment":[{"href":"https:\/\/corrientesdetarde.com\/index.php\/wp-json\/wp\/v2\/media?parent=249148"}],"wp:term":[{"taxonomy":"category","embeddable":true,"href":"https:\/\/corrientesdetarde.com\/index.php\/wp-json\/wp\/v2\/categories?post=249148"},{"taxonomy":"post_tag","embeddable":true,"href":"https:\/\/corrientesdetarde.com\/index.php\/wp-json\/wp\/v2\/tags?post=249148"}],"curies":[{"name":"wp","href":"https:\/\/api.w.org\/{rel}","templated":true}]}}