{"id":249153,"date":"2026-03-13T07:25:48","date_gmt":"2026-03-13T10:25:48","guid":{"rendered":"https:\/\/corrientesdetarde.com\/?p=249153"},"modified":"2026-03-13T07:26:19","modified_gmt":"2026-03-13T10:26:19","slug":"en-expoagro-patricia-bullrich-le-pidio-al-campo-que-aproveche-la-reforma-laboral","status":"publish","type":"post","link":"https:\/\/corrientesdetarde.com\/index.php\/politica\/en-expoagro-patricia-bullrich-le-pidio-al-campo-que-aproveche-la-reforma-laboral\/","title":{"rendered":"En Expoagro Patricia Bullrich le pidi\u00f3 al campo que aproveche la reforma laboral"},"content":{"rendered":"\n<p>&#8220;Creemos que el campo lo tiene que aprovechar, tiene que leer y estudiar bien esa reforma y es una reforma que no solamente es laboral, sino que tambi\u00e9n tiene temas empresariales para poder lograr m\u00e1s capacidad productiva&#8221;, explic\u00f3 ea ex ministra y senadora Patricia Bullrich durante su recorrida por la exposici\u00f3n.&nbsp;<\/p>\n\n\n\n<p>En el marco del debate sobre el futuro productivo del pa\u00eds, la ex ministra y senadora Patricia Bullrich se refiri\u00f3 a las oportunidades que se abren para el sector agropecuario, particularmente para la cadena c\u00e1rnica, a partir de la apertura de nuevos mercados y de las reformas impulsadas por el Gobierno nacional.<\/p>\n\n\n\n<p>Durante una entrevista con Valor Agro en el marco de Expoagro, Bullrich subray\u00f3 que la Argentina atraviesa un momento clave para recuperar protagonismo en el comercio internacional de carne.<\/p>\n\n\n\n<p>&#8220;Argentina est\u00e1 abriendo mercados important\u00edsimos, el mercado norteamericano, la nueva cuota Hilton que se ampl\u00eda a partir del acuerdo con el Mercosur&#8221;, afirm\u00f3. En ese sentido, remarc\u00f3 que el pa\u00eds tiene condiciones para recuperar el prestigio hist\u00f3rico de su producci\u00f3n c\u00e1rnica.<\/p>\n\n\n\n<p>&#8220;Vamos a recuperar lo que siempre fue la carne argentina, con nuevos mercados, nuevas posibilidades. La gente tiene que apostar a volver a tener ganado&#8221;, sostuvo.<\/p>\n\n\n\n<p>La funcionaria consider\u00f3 adem\u00e1s que el desarrollo ganadero es clave para repoblar el interior productivo. &#8220;El campo hab\u00edamos despoblado en la Argentina, la tenemos que repoblar y tenemos muchas posibilidades de venta, inclusive hasta m\u00e1s de lo que hoy, de las posibilidades que tenemos hoy&#8221;, indic\u00f3.<\/p>\n\n\n\n<p>Por eso, insisti\u00f3 en la necesidad de apostar nuevamente por la ganader\u00eda: &#8220;As\u00ed que con todo apostar a la carne argentina&#8221;.<\/p>\n\n\n\n<h2 class=\"wp-block-heading\">Reforma laboral y beneficios para el campo<\/h2>\n\n\n\n<p>Bullrich tambi\u00e9n destac\u00f3 la importancia de la reforma laboral impulsada por el Gobierno y su impacto directo sobre la actividad agropecuaria. Seg\u00fan explic\u00f3, el sector est\u00e1 contemplado dentro del nuevo esquema con herramientas que buscan mejorar la competitividad.<\/p>\n\n\n\n<p>&#8220;El campo est\u00e1 totalmente incluido en la reforma laboral y adem\u00e1s tiene muchos incentivos especiales al tema del riego, al tema del rimming, con la compra de maquinaria y la posibilidad de generar un mecanismo impositivo favorable&#8221;, se\u00f1al\u00f3.<\/p>\n\n\n\n<p>En ese sentido, afirm\u00f3 que el nuevo marco incluye diversos beneficios productivos. &#8220;Hay una serie de beneficios concretos que le van a llegar al campo&#8221;, asegur\u00f3.<\/p>\n\n\n\n<p>Por ello, recomend\u00f3 a los productores interiorizarse en el contenido de la normativa. &#8220;Creemos que el campo lo tiene que aprovechar, tiene que leer y estudiar bien esa reforma y es una reforma que no solamente es laboral, sino que tambi\u00e9n tiene temas empresariales para poder lograr m\u00e1s capacidad productiva&#8221;, explic\u00f3.<\/p>\n\n\n\n<h2 class=\"wp-block-heading\">Un v\u00ednculo personal con el campo<\/h2>\n\n\n\n<p>Finalmente, Bullrich habl\u00f3 de su relaci\u00f3n personal con el \u00e1mbito rural, que \u2014seg\u00fan cont\u00f3\u2014 est\u00e1 ligada a su historia familiar.<\/p>\n\n\n\n<p>&#8220;Yo desde chica, desde que nac\u00ed que voy al campo. Primero era de mi bisabuelo, despu\u00e9s mi abuelo, despu\u00e9s de mi madre y ahora es m\u00edo y de mis hermanos&#8221;, relat\u00f3.<\/p>\n\n\n\n<p>Ese v\u00ednculo se mantiene a trav\u00e9s de las generaciones de su familia. &#8220;Tengo una relaci\u00f3n muy cercana al campo, familiar. Me encanta ir al campo, me encanta que mi familia siga yendo, mis hijos, mis nietos&#8221;, expres\u00f3.<\/p>\n\n\n\n<p>Y cerr\u00f3 con una frase que resume la tradici\u00f3n familiar que hered\u00f3: &#8220;Algo que aprend\u00ed de mi abuela: la tierra no se vende&#8221;.<\/p>\n","protected":false},"excerpt":{"rendered":"<p>&#8220;Creemos que el campo lo tiene que aprovechar, tiene que leer y estudiar bien esa reforma y es una reforma que no solamente es laboral, sino que tambi\u00e9n tiene temas&hellip; <\/p>\n","protected":false},"author":4,"featured_media":249160,"comment_status":"closed","ping_status":"open","sticky":false,"template":"","format":"standard","meta":{"footnotes":""},"categories":[3],"tags":[],"class_list":["post-249153","post","type-post","status-publish","format-standard","has-post-thumbnail","hentry","category-politica"],"_links":{"self":[{"href":"https:\/\/corrientesdetarde.com\/index.php\/wp-json\/wp\/v2\/posts\/249153","targetHints":{"allow":["GET"]}}],"collection":[{"href":"https:\/\/corrientesdetarde.com\/index.php\/wp-json\/wp\/v2\/posts"}],"about":[{"href":"https:\/\/corrientesdetarde.com\/index.php\/wp-json\/wp\/v2\/types\/post"}],"author":[{"embeddable":true,"href":"https:\/\/corrientesdetarde.com\/index.php\/wp-json\/wp\/v2\/users\/4"}],"replies":[{"embeddable":true,"href":"https:\/\/corrientesdetarde.com\/index.php\/wp-json\/wp\/v2\/comments?post=249153"}],"version-history":[{"count":1,"href":"https:\/\/corrientesdetarde.com\/index.php\/wp-json\/wp\/v2\/posts\/249153\/revisions"}],"predecessor-version":[{"id":249161,"href":"https:\/\/corrientesdetarde.com\/index.php\/wp-json\/wp\/v2\/posts\/249153\/revisions\/249161"}],"wp:featuredmedia":[{"embeddable":true,"href":"https:\/\/corrientesdetarde.com\/index.php\/wp-json\/wp\/v2\/media\/249160"}],"wp:attachment":[{"href":"https:\/\/corrientesdetarde.com\/index.php\/wp-json\/wp\/v2\/media?parent=249153"}],"wp:term":[{"taxonomy":"category","embeddable":true,"href":"https:\/\/corrientesdetarde.com\/index.php\/wp-json\/wp\/v2\/categories?post=249153"},{"taxonomy":"post_tag","embeddable":true,"href":"https:\/\/corrientesdetarde.com\/index.php\/wp-json\/wp\/v2\/tags?post=249153"}],"curies":[{"name":"wp","href":"https:\/\/api.w.org\/{rel}","templated":true}]}}