{"id":249162,"date":"2026-03-13T08:02:30","date_gmt":"2026-03-13T11:02:30","guid":{"rendered":"https:\/\/corrientesdetarde.com\/?p=249162"},"modified":"2026-03-13T08:02:32","modified_gmt":"2026-03-13T11:02:32","slug":"la-inflacion-fue-de-29-en-febrero-y-acumulo-331-en-los-ultimos-doce-meses","status":"publish","type":"post","link":"https:\/\/corrientesdetarde.com\/index.php\/nacionales\/la-inflacion-fue-de-29-en-febrero-y-acumulo-331-en-los-ultimos-doce-meses\/","title":{"rendered":"La inflaci\u00f3n fue de 2,9% en febrero y acumul\u00f3 33,1% en los \u00faltimos doce meses"},"content":{"rendered":"\n<p>El Instituto Nacional de Estad\u00edstica y Censos (Indec) inform\u00f3 que la din\u00e1mica inflacionaria replic\u00f3 el n\u00famero de enero. La variaci\u00f3n acumulada en 2026 es de 5,9 por ciento.&nbsp;<\/p>\n\n\n\n<p>La inflaci\u00f3n en febrero fue de 2,9%, seg\u00fan el Instituto Nacional de Estad\u00edstica y Censos (Indec), lo que implic\u00f3 el mismo n\u00famero que marc\u00f3 en enero. Con ello, en los \u00faltimos 12 meses, la variaci\u00f3n fue de 33,1% y en lo que va del a\u00f1o acumula una suba de 5,9 por ciento. Cuando la expectativa por parte del presidente Javier Milei es que luego de marzo comience el sendero a la baja del indicador para que en julio-agosto comience con cero.<\/p>\n\n\n\n<p>La mayor suba mensual correspondi\u00f3 a Vivienda, agua, electricidad, gas y otros combustibles, con un 6,8%, impulsada por incrementos en las tarifas de servicios p\u00fablicos y cambios en los criterios para otorgar subsidios en varias provincias. Alimentos y bebidas no alcoh\u00f3licas ocup\u00f3 el segundo lugar, con una variaci\u00f3n de 3,3 por ciento.<\/p>\n\n\n\n<p>En cuanto al impacto sobre el \u00edndice regional, Alimentos y bebidas no alcoh\u00f3licas lider\u00f3 la incidencia mensual, debido principalmente al alza en carnes y sus derivados, salvo en la regi\u00f3n patag\u00f3nica, donde la mayor influencia provino de Vivienda, agua, electricidad, gas y otros combustibles.&nbsp;<\/p>\n\n\n\n<p>Las divisiones que menos variaron en febrero de 2026 fueron Bebidas alcoh\u00f3licas y tabaco, con un 0,6%, y Prendas de vestir y calzado, que no mostr\u00f3 cambios. Entre las categor\u00edas, los precios Regulados encabezaron los aumentos con 4,3%, seguidos por el IPC n\u00facleo, con 3,1%, mientras que los productos Estacionales registraron una baja de 1,3 por ciento.<\/p>\n","protected":false},"excerpt":{"rendered":"<p>El Instituto Nacional de Estad\u00edstica y Censos (Indec) inform\u00f3 que la din\u00e1mica inflacionaria replic\u00f3 el n\u00famero de enero. La variaci\u00f3n acumulada en 2026 es de 5,9 por ciento.&nbsp; La inflaci\u00f3n&hellip; <\/p>\n","protected":false},"author":4,"featured_media":249163,"comment_status":"closed","ping_status":"open","sticky":false,"template":"","format":"standard","meta":{"footnotes":""},"categories":[20,10],"tags":[],"class_list":["post-249162","post","type-post","status-publish","format-standard","has-post-thumbnail","hentry","category-economia","category-nacionales"],"_links":{"self":[{"href":"https:\/\/corrientesdetarde.com\/index.php\/wp-json\/wp\/v2\/posts\/249162","targetHints":{"allow":["GET"]}}],"collection":[{"href":"https:\/\/corrientesdetarde.com\/index.php\/wp-json\/wp\/v2\/posts"}],"about":[{"href":"https:\/\/corrientesdetarde.com\/index.php\/wp-json\/wp\/v2\/types\/post"}],"author":[{"embeddable":true,"href":"https:\/\/corrientesdetarde.com\/index.php\/wp-json\/wp\/v2\/users\/4"}],"replies":[{"embeddable":true,"href":"https:\/\/corrientesdetarde.com\/index.php\/wp-json\/wp\/v2\/comments?post=249162"}],"version-history":[{"count":1,"href":"https:\/\/corrientesdetarde.com\/index.php\/wp-json\/wp\/v2\/posts\/249162\/revisions"}],"predecessor-version":[{"id":249164,"href":"https:\/\/corrientesdetarde.com\/index.php\/wp-json\/wp\/v2\/posts\/249162\/revisions\/249164"}],"wp:featuredmedia":[{"embeddable":true,"href":"https:\/\/corrientesdetarde.com\/index.php\/wp-json\/wp\/v2\/media\/249163"}],"wp:attachment":[{"href":"https:\/\/corrientesdetarde.com\/index.php\/wp-json\/wp\/v2\/media?parent=249162"}],"wp:term":[{"taxonomy":"category","embeddable":true,"href":"https:\/\/corrientesdetarde.com\/index.php\/wp-json\/wp\/v2\/categories?post=249162"},{"taxonomy":"post_tag","embeddable":true,"href":"https:\/\/corrientesdetarde.com\/index.php\/wp-json\/wp\/v2\/tags?post=249162"}],"curies":[{"name":"wp","href":"https:\/\/api.w.org\/{rel}","templated":true}]}}