{"id":249167,"date":"2026-03-13T08:32:56","date_gmt":"2026-03-13T11:32:56","guid":{"rendered":"https:\/\/corrientesdetarde.com\/?p=249167"},"modified":"2026-03-13T10:33:03","modified_gmt":"2026-03-13T13:33:03","slug":"camion-volco-sobre-la-ruta-12","status":"publish","type":"post","link":"https:\/\/corrientesdetarde.com\/index.php\/locales\/camion-volco-sobre-la-ruta-12\/","title":{"rendered":"Cami\u00f3n volc\u00f3 sobre la Ruta 12: el conductor iba alcoholizado"},"content":{"rendered":"\n<p>Un cami\u00f3n de semirremolque que transportaba aguas saborizadas protagoniz\u00f3 un vuelco durante la madrugada de este viernes en la ciudad de Corrientes. El incidente ocurri\u00f3 sobre la Ruta Nacional 12, a la altura del cruce con la Avenida Maip\u00fa, cuando el veh\u00edculo termin\u00f3 incrustado en una zanja lateral tras cruzar la intersecci\u00f3n en direcci\u00f3n al puesto de control de la zona.&nbsp;<\/p>\n\n\n\n<p>Lo m\u00e1s grave fue que tras el siniestro, el conductor del cami\u00f3n dio 1,91 en el test de alcoholemia.&nbsp;<\/p>\n\n\n\n<p>El operativo de emergencia fue complejo debido a una p\u00e9rdida de combustible del cami\u00f3n. El Comandante de Bomberos Voluntarios de Corrientes, Daniel Bertorello, confirm\u00f3 las labores preventivas: &#8220;Se hizo un corte de energ\u00eda del cami\u00f3n para que no haya chispas&#8221;, explic\u00f3, detallando que tambi\u00e9n se convocaron dotaciones de la Polic\u00eda para controlar el derrame.<\/p>\n\n\n\n<figure class=\"wp-block-image size-full\"><img loading=\"lazy\" decoding=\"async\" width=\"1000\" height=\"562\" src=\"https:\/\/corrientesdetarde.com\/wp-content\/uploads\/2026\/03\/image-334.png\" alt=\"\" class=\"wp-image-249173\" srcset=\"https:\/\/corrientesdetarde.com\/wp-content\/uploads\/2026\/03\/image-334.png 1000w, https:\/\/corrientesdetarde.com\/wp-content\/uploads\/2026\/03\/image-334-300x169.png 300w, https:\/\/corrientesdetarde.com\/wp-content\/uploads\/2026\/03\/image-334-768x432.png 768w\" sizes=\"auto, (max-width: 1000px) 100vw, 1000px\" \/><\/figure>\n\n\n\n<p>El conductor del cami\u00f3n, que viajaba solo, fue asistido en el lugar y posteriormente trasladado para recibir atenci\u00f3n m\u00e9dica. Hasta el momento, las causas que originaron el vuelco son materia de investigaci\u00f3n. Personal de tr\u00e1nsito trabaj\u00f3 en el sitio para organizar la circulaci\u00f3n, logrando mantener el flujo vehicular con normalidad a pesar del operativo.<\/p>\n\n\n\n<p><\/p>\n","protected":false},"excerpt":{"rendered":"<p>Un cami\u00f3n de semirremolque que transportaba aguas saborizadas protagoniz\u00f3 un vuelco durante la madrugada de este viernes en la ciudad de Corrientes. El incidente ocurri\u00f3 sobre la Ruta Nacional 12,&hellip; <\/p>\n","protected":false},"author":1,"featured_media":249172,"comment_status":"closed","ping_status":"open","sticky":false,"template":"","format":"standard","meta":{"footnotes":""},"categories":[23,8],"tags":[],"class_list":["post-249167","post","type-post","status-publish","format-standard","has-post-thumbnail","hentry","category-actualidad","category-locales"],"_links":{"self":[{"href":"https:\/\/corrientesdetarde.com\/index.php\/wp-json\/wp\/v2\/posts\/249167","targetHints":{"allow":["GET"]}}],"collection":[{"href":"https:\/\/corrientesdetarde.com\/index.php\/wp-json\/wp\/v2\/posts"}],"about":[{"href":"https:\/\/corrientesdetarde.com\/index.php\/wp-json\/wp\/v2\/types\/post"}],"author":[{"embeddable":true,"href":"https:\/\/corrientesdetarde.com\/index.php\/wp-json\/wp\/v2\/users\/1"}],"replies":[{"embeddable":true,"href":"https:\/\/corrientesdetarde.com\/index.php\/wp-json\/wp\/v2\/comments?post=249167"}],"version-history":[{"count":2,"href":"https:\/\/corrientesdetarde.com\/index.php\/wp-json\/wp\/v2\/posts\/249167\/revisions"}],"predecessor-version":[{"id":249202,"href":"https:\/\/corrientesdetarde.com\/index.php\/wp-json\/wp\/v2\/posts\/249167\/revisions\/249202"}],"wp:featuredmedia":[{"embeddable":true,"href":"https:\/\/corrientesdetarde.com\/index.php\/wp-json\/wp\/v2\/media\/249172"}],"wp:attachment":[{"href":"https:\/\/corrientesdetarde.com\/index.php\/wp-json\/wp\/v2\/media?parent=249167"}],"wp:term":[{"taxonomy":"category","embeddable":true,"href":"https:\/\/corrientesdetarde.com\/index.php\/wp-json\/wp\/v2\/categories?post=249167"},{"taxonomy":"post_tag","embeddable":true,"href":"https:\/\/corrientesdetarde.com\/index.php\/wp-json\/wp\/v2\/tags?post=249167"}],"curies":[{"name":"wp","href":"https:\/\/api.w.org\/{rel}","templated":true}]}}