{"id":249170,"date":"2026-03-13T08:34:55","date_gmt":"2026-03-13T11:34:55","guid":{"rendered":"https:\/\/corrientesdetarde.com\/?p=249170"},"modified":"2026-03-13T08:35:06","modified_gmt":"2026-03-13T11:35:06","slug":"se-incendiaron-dos-autos-a-metros-del-puente-corrientes-chaco","status":"publish","type":"post","link":"https:\/\/corrientesdetarde.com\/index.php\/actualidad\/se-incendiaron-dos-autos-a-metros-del-puente-corrientes-chaco\/","title":{"rendered":"Se incendiaron dos autos a metros del puente Corrientes-Chaco"},"content":{"rendered":"\n<p>El comandante de Bomberos Voluntarios Daniel Bertorello, dijo que se investiga si fue un cortocircuito o un incendio intencional y que est\u00e1n a la espera de las pericias.<\/p>\n\n\n\n<p>&#8220;Fueron dos autos, en uno se incendi\u00f3 el motor y el otro la parte trasera&#8221;, detall\u00f3 Bertorello sobre el hecho que se produjo en anoche y agreg\u00f3 que estaban estacionados a pocos cent\u00edmetros uno del otro&#8221; y confirm\u00f3 que &#8220;no hubo heridos, ni lesionados&#8221;.<\/p>\n\n\n\n<p>Respecto de la investigaci\u00f3n, se\u00f1al\u00f3 que &#8220;se est\u00e1n analizando las c\u00e1maras de seguridad, para ver que pas\u00f3&#8221;.<\/p>\n\n\n\n<figure class=\"wp-block-video\"><video height=\"480\" style=\"aspect-ratio: 848 \/ 480;\" width=\"848\" controls src=\"https:\/\/corrientesdetarde.com\/wp-content\/uploads\/2026\/03\/281975.mp4\"><\/video><\/figure>\n","protected":false},"excerpt":{"rendered":"<p>El comandante de Bomberos Voluntarios Daniel Bertorello, dijo que se investiga si fue un cortocircuito o un incendio intencional y que est\u00e1n a la espera de las pericias. &#8220;Fueron dos&hellip; <\/p>\n","protected":false},"author":1,"featured_media":249176,"comment_status":"closed","ping_status":"open","sticky":false,"template":"","format":"standard","meta":{"footnotes":""},"categories":[23],"tags":[],"class_list":["post-249170","post","type-post","status-publish","format-standard","has-post-thumbnail","hentry","category-actualidad"],"_links":{"self":[{"href":"https:\/\/corrientesdetarde.com\/index.php\/wp-json\/wp\/v2\/posts\/249170","targetHints":{"allow":["GET"]}}],"collection":[{"href":"https:\/\/corrientesdetarde.com\/index.php\/wp-json\/wp\/v2\/posts"}],"about":[{"href":"https:\/\/corrientesdetarde.com\/index.php\/wp-json\/wp\/v2\/types\/post"}],"author":[{"embeddable":true,"href":"https:\/\/corrientesdetarde.com\/index.php\/wp-json\/wp\/v2\/users\/1"}],"replies":[{"embeddable":true,"href":"https:\/\/corrientesdetarde.com\/index.php\/wp-json\/wp\/v2\/comments?post=249170"}],"version-history":[{"count":1,"href":"https:\/\/corrientesdetarde.com\/index.php\/wp-json\/wp\/v2\/posts\/249170\/revisions"}],"predecessor-version":[{"id":249178,"href":"https:\/\/corrientesdetarde.com\/index.php\/wp-json\/wp\/v2\/posts\/249170\/revisions\/249178"}],"wp:featuredmedia":[{"embeddable":true,"href":"https:\/\/corrientesdetarde.com\/index.php\/wp-json\/wp\/v2\/media\/249176"}],"wp:attachment":[{"href":"https:\/\/corrientesdetarde.com\/index.php\/wp-json\/wp\/v2\/media?parent=249170"}],"wp:term":[{"taxonomy":"category","embeddable":true,"href":"https:\/\/corrientesdetarde.com\/index.php\/wp-json\/wp\/v2\/categories?post=249170"},{"taxonomy":"post_tag","embeddable":true,"href":"https:\/\/corrientesdetarde.com\/index.php\/wp-json\/wp\/v2\/tags?post=249170"}],"curies":[{"name":"wp","href":"https:\/\/api.w.org\/{rel}","templated":true}]}}