{"id":249171,"date":"2026-03-13T10:32:13","date_gmt":"2026-03-13T13:32:13","guid":{"rendered":"https:\/\/corrientesdetarde.com\/?p=249171"},"modified":"2026-03-13T10:32:31","modified_gmt":"2026-03-13T13:32:31","slug":"mujeres-creando-el-arte-y-la-identidad-iluminaron-el-senado","status":"publish","type":"post","link":"https:\/\/corrientesdetarde.com\/index.php\/eventos\/mujeres-creando-el-arte-y-la-identidad-iluminaron-el-senado\/","title":{"rendered":"\u201cMujeres Creando\u201d: el arte y la identidad iluminaron el Senado"},"content":{"rendered":"\n<p>Mes de la Mujer en la Legislatura<\/p>\n\n\n\n<p>En el marco de las celebraciones por el Mes de la Mujer, la Legislatura de Corrientes abri\u00f3 sus puertas a una velada cargada de arte, sensibilidad y reconocimiento. Bajo el nombre \u201cMujeres Creando\u201d, el Senado provincial inaugur\u00f3 una muestra colectiva que re\u00fane el talento y la creatividad de artesanas correntinas, protagonistas de una noche donde la cultura fue el hilo conductor.<\/p>\n\n\n\n<p>La actividad fue encabezada por el vicegobernador Pedro Braillard Poccard, quien acompa\u00f1\u00f3 la inauguraci\u00f3n de la exposici\u00f3n y comparti\u00f3 con el p\u00fablico una jornada que combin\u00f3 m\u00fasica, artesan\u00edas y homenajes.<\/p>\n\n\n\n<p>La apertura musical estuvo a cargo de la Coral Corrientes de la Honorable C\u00e1mara de Senadores, la primera agrupaci\u00f3n art\u00edstica oficial del cuerpo legislativo. Fundada en 2011 y dirigida desde entonces por Carolina Garc\u00eda Ferreyra, la formaci\u00f3n ofreci\u00f3 un repertorio que aport\u00f3 calidez y emoci\u00f3n al inicio de la noche, con especial protagonismo de las voces femeninas que integran el coro.<\/p>\n\n\n\n<figure class=\"wp-block-image size-full\"><img loading=\"lazy\" decoding=\"async\" width=\"1021\" height=\"703\" src=\"https:\/\/corrientesdetarde.com\/wp-content\/uploads\/2026\/03\/image-340.png\" alt=\"\" class=\"wp-image-249206\" srcset=\"https:\/\/corrientesdetarde.com\/wp-content\/uploads\/2026\/03\/image-340.png 1021w, https:\/\/corrientesdetarde.com\/wp-content\/uploads\/2026\/03\/image-340-300x207.png 300w, https:\/\/corrientesdetarde.com\/wp-content\/uploads\/2026\/03\/image-340-768x529.png 768w\" sizes=\"auto, (max-width: 1021px) 100vw, 1021px\" \/><\/figure>\n\n\n\n<p>Durante su mensaje, Braillard Poccard destac\u00f3 el valor de estos encuentros culturales dentro de la vida institucional. Se\u00f1al\u00f3 que \u201ccon el paso del tiempo, las propuestas art\u00edsticas del Senado se han transformado en un espacio de encuentro entre la comunidad y los creadores de la provincia\u201d.<\/p>\n\n\n\n<p>\u201cGracias por acompa\u00f1arnos y por darle vida a estos eventos culturales que poco a poco se van convirtiendo en una tradici\u00f3n. Nos permiten abrir las puertas del Senado para mostrar la obra de artistas correntinos: algunos que exponen por primera vez y otros con una larga trayectoria\u201d, expres\u00f3.<\/p>\n\n\n\n<p>El vicegobernador tambi\u00e9n record\u00f3 la historia de la Coral Corrientes, creada durante una de sus gestiones anteriores, y destac\u00f3 su continuidad a lo largo de los a\u00f1os como parte del compromiso institucional con la promoci\u00f3n del arte local.<\/p>\n\n\n\n<figure class=\"wp-block-image size-large\"><img loading=\"lazy\" decoding=\"async\" width=\"1024\" height=\"710\" src=\"https:\/\/corrientesdetarde.com\/wp-content\/uploads\/2026\/03\/image-341-1024x710.png\" alt=\"\" class=\"wp-image-249207\" srcset=\"https:\/\/corrientesdetarde.com\/wp-content\/uploads\/2026\/03\/image-341-1024x710.png 1024w, https:\/\/corrientesdetarde.com\/wp-content\/uploads\/2026\/03\/image-341-300x208.png 300w, https:\/\/corrientesdetarde.com\/wp-content\/uploads\/2026\/03\/image-341-768x532.png 768w, https:\/\/corrientesdetarde.com\/wp-content\/uploads\/2026\/03\/image-341.png 1055w\" sizes=\"auto, (max-width: 1024px) 100vw, 1024px\" \/><\/figure>\n\n\n\n<p><em>Un reconocimiento sentido<\/em><\/p>\n\n\n\n<p>Uno de los momentos m\u00e1s emotivos de la noche fue el homenaje a Mar\u00eda Araceli Carmona, secretaria de la C\u00e1mara de Senadores, reconocida por su extensa trayectoria y su vocaci\u00f3n de servicio en el \u00e1mbito legislativo.<\/p>\n\n\n\n<p>Al referirse a ella, el vicegobernador subray\u00f3 el valor del respeto y la convivencia institucional. Record\u00f3 los a\u00f1os de trabajo compartido y destac\u00f3 \u201csu compromiso con la tarea legislativa, ejercida con humildad, responsabilidad y una eficiencia ampliamente reconocida\u201d.<\/p>\n\n\n\n<p>Carmona es abogada egresada de la Facultad de Derecho de la Universidad Nacional del Nordeste. A lo largo de su carrera se desempe\u00f1\u00f3 en el \u00e1mbito jur\u00eddico y bancario, adem\u00e1s de haber sido diputada nacional. Desde 2004 ocupa el cargo de secretaria del Senado provincial, donde ha participado en diversas iniciativas vinculadas al fortalecimiento institucional.<\/p>\n\n\n\n<figure class=\"wp-block-image size-full\"><img loading=\"lazy\" decoding=\"async\" width=\"756\" height=\"522\" src=\"https:\/\/corrientesdetarde.com\/wp-content\/uploads\/2026\/03\/image-342.png\" alt=\"\" class=\"wp-image-249208\" srcset=\"https:\/\/corrientesdetarde.com\/wp-content\/uploads\/2026\/03\/image-342.png 756w, https:\/\/corrientesdetarde.com\/wp-content\/uploads\/2026\/03\/image-342-300x207.png 300w\" sizes=\"auto, (max-width: 756px) 100vw, 756px\" \/><\/figure>\n\n\n\n<p><em>Artes que cuentan historias<\/em><\/p>\n\n\n\n<p>Tras el reconocimiento, la noche continu\u00f3 con el tradicional corte de cinta que dej\u00f3 oficialmente inaugurada la muestra \u201cMujeres Creando\u201d, una exposici\u00f3n que celebra la diversidad de oficios y lenguajes artesanales desarrollados por mujeres de la provincia.<\/p>\n\n\n\n<p>La exhibici\u00f3n re\u00fane piezas de tejido, cer\u00e1mica, mosaico, tallado en madera, cester\u00eda en mimbre y dise\u00f1o textil, cada una portadora de historias, saberes y tradiciones transmitidas a lo largo del tiempo.<\/p>\n\n\n\n<p>Entre las artistas participantes se encuentra Lupicia Escobar, quien integra pintura, cer\u00e1mica y escultura en obras que dialogan entre distintos lenguajes visuales. Tambi\u00e9n expone Susana Coronas, dedicada a las t\u00e9cnicas de tejido, bordado y tintes naturales, con una trayectoria marcada por la difusi\u00f3n de saberes textiles.<\/p>\n\n\n\n<p>La muestra incluye adem\u00e1s los accesorios artesanales de Laura Costa, elaborados con metales y piedras; los trabajos de mosaiquismo de M\u00f3nica Coronas; y las prendas de dise\u00f1o textil de Jacqueline Fern\u00e1ndez, realizadas mediante t\u00e9cnicas de crochet, telar y bordado.<\/p>\n\n\n\n<p>Participa tambi\u00e9n Desiree Frutos, docente en artes visuales que desarrolla obras en pintura, dibujo, escultura y arte textil; Andy Gagliardino, con tallas en madera aprendidas en el taller del Museo de Artesan\u00edas; y Macarena Umbert, dedicada a la elaboraci\u00f3n de cestas y objetos decorativos en mimbre.<\/p>\n\n\n\n<p>La exposici\u00f3n se completa con las piezas de Rosa C\u00e1ceres, oriunda de Curuz\u00fa Cuati\u00e1, quien desde hace m\u00e1s de tres d\u00e9cadas impulsa su emprendimiento La Rueca Tejidos, orientado a la producci\u00f3n de prendas elaboradas con lana natural.<\/p>\n\n\n\n<p>La muestra permanecer\u00e1 abierta al p\u00fablico de lunes a viernes, de 8 a 20 horas, en el \u00e1mbito del Senado provincial, invitando a recorrer un espacio donde el arte, el trabajo y la identidad cultural de las mujeres correntinas se entrelazan en cada pieza.<\/p>\n\n\n\n<figure class=\"wp-block-image size-full\"><img loading=\"lazy\" decoding=\"async\" width=\"1004\" height=\"707\" src=\"https:\/\/corrientesdetarde.com\/wp-content\/uploads\/2026\/03\/image-343.png\" alt=\"\" class=\"wp-image-249209\" srcset=\"https:\/\/corrientesdetarde.com\/wp-content\/uploads\/2026\/03\/image-343.png 1004w, https:\/\/corrientesdetarde.com\/wp-content\/uploads\/2026\/03\/image-343-300x211.png 300w, https:\/\/corrientesdetarde.com\/wp-content\/uploads\/2026\/03\/image-343-768x541.png 768w\" sizes=\"auto, (max-width: 1004px) 100vw, 1004px\" \/><\/figure>\n","protected":false},"excerpt":{"rendered":"<p>Mes de la Mujer en la Legislatura En el marco de las celebraciones por el Mes de la Mujer, la Legislatura de Corrientes abri\u00f3 sus puertas a una velada cargada&hellip; <\/p>\n","protected":false},"author":1,"featured_media":249207,"comment_status":"closed","ping_status":"open","sticky":false,"template":"","format":"standard","meta":{"footnotes":""},"categories":[22],"tags":[],"class_list":["post-249171","post","type-post","status-publish","format-standard","has-post-thumbnail","hentry","category-eventos"],"_links":{"self":[{"href":"https:\/\/corrientesdetarde.com\/index.php\/wp-json\/wp\/v2\/posts\/249171","targetHints":{"allow":["GET"]}}],"collection":[{"href":"https:\/\/corrientesdetarde.com\/index.php\/wp-json\/wp\/v2\/posts"}],"about":[{"href":"https:\/\/corrientesdetarde.com\/index.php\/wp-json\/wp\/v2\/types\/post"}],"author":[{"embeddable":true,"href":"https:\/\/corrientesdetarde.com\/index.php\/wp-json\/wp\/v2\/users\/1"}],"replies":[{"embeddable":true,"href":"https:\/\/corrientesdetarde.com\/index.php\/wp-json\/wp\/v2\/comments?post=249171"}],"version-history":[{"count":1,"href":"https:\/\/corrientesdetarde.com\/index.php\/wp-json\/wp\/v2\/posts\/249171\/revisions"}],"predecessor-version":[{"id":249210,"href":"https:\/\/corrientesdetarde.com\/index.php\/wp-json\/wp\/v2\/posts\/249171\/revisions\/249210"}],"wp:featuredmedia":[{"embeddable":true,"href":"https:\/\/corrientesdetarde.com\/index.php\/wp-json\/wp\/v2\/media\/249207"}],"wp:attachment":[{"href":"https:\/\/corrientesdetarde.com\/index.php\/wp-json\/wp\/v2\/media?parent=249171"}],"wp:term":[{"taxonomy":"category","embeddable":true,"href":"https:\/\/corrientesdetarde.com\/index.php\/wp-json\/wp\/v2\/categories?post=249171"},{"taxonomy":"post_tag","embeddable":true,"href":"https:\/\/corrientesdetarde.com\/index.php\/wp-json\/wp\/v2\/tags?post=249171"}],"curies":[{"name":"wp","href":"https:\/\/api.w.org\/{rel}","templated":true}]}}