{"id":249188,"date":"2026-03-13T09:20:59","date_gmt":"2026-03-13T12:20:59","guid":{"rendered":"https:\/\/corrientesdetarde.com\/?p=249188"},"modified":"2026-03-13T09:21:30","modified_gmt":"2026-03-13T12:21:30","slug":"el-macc-suma-sunsets-de-musica-electronica-al-ciclo-cultura-en-clave-de-mujer","status":"publish","type":"post","link":"https:\/\/corrientesdetarde.com\/index.php\/destacados\/el-macc-suma-sunsets-de-musica-electronica-al-ciclo-cultura-en-clave-de-mujer\/","title":{"rendered":"El MACC suma sunsets de m\u00fasica electr\u00f3nica al ciclo \u201cCultura en clave de mujer\u201d"},"content":{"rendered":"\n<p>En el marco del ciclo \u201cCultura en clave de mujer\u201d, se realizar\u00e1 todos los s\u00e1bados de marzo un Sunset de m\u00fasica electr\u00f3nica en el Museo de Arte Contempor\u00e1neo de Corrientes (MACC), ubicado en San Juan 839. El acceso es gratuito, pero con cupo limitado, inscribi\u00e9ndose a trav\u00e9s del siguiente link:&nbsp;<a href=\"https:\/\/4ue34.r.a.d.sendibm1.com\/mk\/cl\/f\/sh\/6rqJfgq8dINmNvd2HB7mP7OK8Ju\/c_wfhp-IGuNu\" rel=\"noreferrer noopener\" target=\"_blank\">https:\/\/goo.su\/Xfblog8<\/a><\/p>\n\n\n\n<p>La propuesta organizada por el Instituto de Cultura de Corrientes, que encabeza Lourdes S\u00e1nchez, apunta a generar nuevas propuestas culturales, en esta ocasi\u00f3n celebrando la presencia de las mujeres en la m\u00fasica y el arte contempor\u00e1neo.<\/p>\n\n\n\n<p>Este s\u00e1bado 14 de marzo, a partir de las 18,30, el quinto piso del MACC ser\u00e1 escenario del primer \u201cSunset en clave de mujer\u201d. En este caso con WADO, como DJ encargada de la noche. Un plan ideal para conectar con el arte y la m\u00fasica, en un lugar con vista inmejorable del atardecer en la ciudad de Corrientes. Habr\u00e1 adem\u00e1s una barra de cocteler\u00eda de autor.<\/p>\n\n\n\n<p><strong>Sobre la DJ<\/strong><\/p>\n\n\n\n<p>Con base en Corrientes, WADO es una figura clave de la escena electr\u00f3nica actual. Concibe el DJing como una herramienta de construcci\u00f3n colectiva: la pista se convierte en un espacio de encuentro, libertad y pura expresi\u00f3n.<\/p>\n\n\n\n<p>Su sonido se destaca por la exploraci\u00f3n constante y el cruce de g\u00e9neros. Trabaja con contrastes, texturas y variaciones r\u00edtmicas que conectan directamente con el cuerpo y la energ\u00eda del p\u00fablico. En sus sets se mezclan UKG &amp; Bassline, Neo Rave, DnB, Hard Bounce, Hard Groove y Trance, creando narrativas din\u00e1micas pensadas para vivir una experiencia compartida \u00fanica.<\/p>\n\n\n\n<p>Se ha presentado en los principales espacios de Corrientes, Resistencia y Buenos Aires, y ha compartido cabina con referentes como Manu Calmet, Valentina Spirito y Anita B Queen.<\/p>\n\n\n\n<p>Adem\u00e1s, es DJ residente y co-creadora de Fiestas ASSY, el proyecto cultural nacido en Corrientes que impulsa la m\u00fasica electr\u00f3nica como motor de crecimiento de la escena local.<\/p>\n\n\n\n<figure class=\"wp-block-image size-full\"><img loading=\"lazy\" decoding=\"async\" width=\"507\" height=\"827\" src=\"https:\/\/corrientesdetarde.com\/wp-content\/uploads\/2026\/03\/image-339.png\" alt=\"\" class=\"wp-image-249189\" srcset=\"https:\/\/corrientesdetarde.com\/wp-content\/uploads\/2026\/03\/image-339.png 507w, https:\/\/corrientesdetarde.com\/wp-content\/uploads\/2026\/03\/image-339-184x300.png 184w\" sizes=\"auto, (max-width: 507px) 100vw, 507px\" \/><\/figure>\n","protected":false},"excerpt":{"rendered":"<p>En el marco del ciclo \u201cCultura en clave de mujer\u201d, se realizar\u00e1 todos los s\u00e1bados de marzo un Sunset de m\u00fasica electr\u00f3nica en el Museo de Arte Contempor\u00e1neo de Corrientes&hellip; <\/p>\n","protected":false},"author":4,"featured_media":249190,"comment_status":"closed","ping_status":"open","sticky":false,"template":"","format":"standard","meta":{"footnotes":""},"categories":[26],"tags":[],"class_list":["post-249188","post","type-post","status-publish","format-standard","has-post-thumbnail","hentry","category-destacados"],"_links":{"self":[{"href":"https:\/\/corrientesdetarde.com\/index.php\/wp-json\/wp\/v2\/posts\/249188","targetHints":{"allow":["GET"]}}],"collection":[{"href":"https:\/\/corrientesdetarde.com\/index.php\/wp-json\/wp\/v2\/posts"}],"about":[{"href":"https:\/\/corrientesdetarde.com\/index.php\/wp-json\/wp\/v2\/types\/post"}],"author":[{"embeddable":true,"href":"https:\/\/corrientesdetarde.com\/index.php\/wp-json\/wp\/v2\/users\/4"}],"replies":[{"embeddable":true,"href":"https:\/\/corrientesdetarde.com\/index.php\/wp-json\/wp\/v2\/comments?post=249188"}],"version-history":[{"count":1,"href":"https:\/\/corrientesdetarde.com\/index.php\/wp-json\/wp\/v2\/posts\/249188\/revisions"}],"predecessor-version":[{"id":249191,"href":"https:\/\/corrientesdetarde.com\/index.php\/wp-json\/wp\/v2\/posts\/249188\/revisions\/249191"}],"wp:featuredmedia":[{"embeddable":true,"href":"https:\/\/corrientesdetarde.com\/index.php\/wp-json\/wp\/v2\/media\/249190"}],"wp:attachment":[{"href":"https:\/\/corrientesdetarde.com\/index.php\/wp-json\/wp\/v2\/media?parent=249188"}],"wp:term":[{"taxonomy":"category","embeddable":true,"href":"https:\/\/corrientesdetarde.com\/index.php\/wp-json\/wp\/v2\/categories?post=249188"},{"taxonomy":"post_tag","embeddable":true,"href":"https:\/\/corrientesdetarde.com\/index.php\/wp-json\/wp\/v2\/tags?post=249188"}],"curies":[{"name":"wp","href":"https:\/\/api.w.org\/{rel}","templated":true}]}}