{"id":249192,"date":"2026-03-13T09:28:19","date_gmt":"2026-03-13T12:28:19","guid":{"rendered":"https:\/\/corrientesdetarde.com\/?p=249192"},"modified":"2026-03-13T11:53:12","modified_gmt":"2026-03-13T14:53:12","slug":"como-estara-el-tiempo-este-viernes-13-de-febrero-en-corrientes","status":"publish","type":"post","link":"https:\/\/corrientesdetarde.com\/index.php\/clima\/como-estara-el-tiempo-este-viernes-13-de-febrero-en-corrientes\/","title":{"rendered":"\u00bfComo estar\u00e1 el tiempo este viernes 13 de febrero en Corrientes?"},"content":{"rendered":"\n<p>Por la ma\u00f1ana se espera que la temperatura alcance los 28 \u00b0C, con probabilidad de tormentas aisladas (10-40%) y viento del Este de entre 13 y 22 km\/h.<\/p>\n\n\n\n<p>Por la tarde, la m\u00e1xima alcanzar\u00e1 los 30 \u00b0C, con probabilidad de tormentas fuertes (40-70%) y viento del Sureste de entre 13 y 22 km\/h.<\/p>\n\n\n\n<p>Por la noche, la temperatura ser\u00e1 de 27 \u00b0C, con probabilidad de tormentas aisladas (10-40%) y viento del Este de entre 13 y 22 km\/h.<\/p>\n\n\n\n<h2 class=\"wp-block-heading\">ALERTA POR TORMENTAS PARA EL NOROESTE DE CORRIENTES<\/h2>\n\n\n\n<p>Nivel de alerta: amarillo<\/p>\n\n\n\n<p>Localidades afectadas: Capital, Ber\u00f3n de Astrada, Empedrado, General Paz, Itat\u00ed, Mburucuy\u00e1, Saladas, San Cosme y San Luis del Palmar.<\/p>\n\n\n\n<p>Extensi\u00f3n temporal: tarde del viernes<\/p>\n\n\n\n<p>El \u00e1rea ser\u00e1 afectada por tormentas aisladas de variada intensidad, algunas localmente fuertes. Las mismas estar\u00e1n acompa\u00f1adas por lluvias abundantes en cortos per\u00edodos, frecuente actividad el\u00e9ctrica, ocasional granizo y r\u00e1fagas intensas que podr\u00edan alcanzar los 80 km\/h. Se prev\u00e9n valores de precipitaci\u00f3n acumulada entre 30 y 70 mm, pudiendo ser superados de manera puntual.<\/p>\n","protected":false},"excerpt":{"rendered":"<p>Por la ma\u00f1ana se espera que la temperatura alcance los 28 \u00b0C, con probabilidad de tormentas aisladas (10-40%) y viento del Este de entre 13 y 22 km\/h. Por la&hellip; <\/p>\n","protected":false},"author":4,"featured_media":249193,"comment_status":"closed","ping_status":"open","sticky":false,"template":"","format":"standard","meta":{"footnotes":""},"categories":[29],"tags":[],"class_list":["post-249192","post","type-post","status-publish","format-standard","has-post-thumbnail","hentry","category-clima"],"_links":{"self":[{"href":"https:\/\/corrientesdetarde.com\/index.php\/wp-json\/wp\/v2\/posts\/249192","targetHints":{"allow":["GET"]}}],"collection":[{"href":"https:\/\/corrientesdetarde.com\/index.php\/wp-json\/wp\/v2\/posts"}],"about":[{"href":"https:\/\/corrientesdetarde.com\/index.php\/wp-json\/wp\/v2\/types\/post"}],"author":[{"embeddable":true,"href":"https:\/\/corrientesdetarde.com\/index.php\/wp-json\/wp\/v2\/users\/4"}],"replies":[{"embeddable":true,"href":"https:\/\/corrientesdetarde.com\/index.php\/wp-json\/wp\/v2\/comments?post=249192"}],"version-history":[{"count":1,"href":"https:\/\/corrientesdetarde.com\/index.php\/wp-json\/wp\/v2\/posts\/249192\/revisions"}],"predecessor-version":[{"id":249194,"href":"https:\/\/corrientesdetarde.com\/index.php\/wp-json\/wp\/v2\/posts\/249192\/revisions\/249194"}],"wp:featuredmedia":[{"embeddable":true,"href":"https:\/\/corrientesdetarde.com\/index.php\/wp-json\/wp\/v2\/media\/249193"}],"wp:attachment":[{"href":"https:\/\/corrientesdetarde.com\/index.php\/wp-json\/wp\/v2\/media?parent=249192"}],"wp:term":[{"taxonomy":"category","embeddable":true,"href":"https:\/\/corrientesdetarde.com\/index.php\/wp-json\/wp\/v2\/categories?post=249192"},{"taxonomy":"post_tag","embeddable":true,"href":"https:\/\/corrientesdetarde.com\/index.php\/wp-json\/wp\/v2\/tags?post=249192"}],"curies":[{"name":"wp","href":"https:\/\/api.w.org\/{rel}","templated":true}]}}