{"id":249197,"date":"2026-03-13T10:36:48","date_gmt":"2026-03-13T13:36:48","guid":{"rendered":"https:\/\/corrientesdetarde.com\/?p=249197"},"modified":"2026-03-13T10:37:00","modified_gmt":"2026-03-13T13:37:00","slug":"se-incendiaron-dos-autos-a-metros-del-puente-corrientes-chaco-2","status":"publish","type":"post","link":"https:\/\/corrientesdetarde.com\/index.php\/actualidad\/se-incendiaron-dos-autos-a-metros-del-puente-corrientes-chaco-2\/","title":{"rendered":"Se incendiaron dos autos a metros del puente Corrientes-Chaco"},"content":{"rendered":"\n<p>Dos autom\u00f3viles terminaron con serios da\u00f1os por incendio. Son un Citro\u00ebn y un Peugeot afectados debido a las llamas en la calle D\u00edaz de Vivar casi Lavalle,\u00a0 cerca de la costanera Sur. El fuego habr\u00eda comenzado en el sector del motor del Citro\u00ebn y alcanz\u00f3 al otro veh\u00edculo estacionado adelante. El comandante de Bomberos Voluntarios Daniel Bertorello, dijo hoy que se investiga si fue un cortocircuito o un incendio intencional y que est\u00e1n a la espera de las pericias.<\/p>\n\n\n\n<p>El comandante de Bomberos Voluntarios Daniel Bertorello, dijo que se investiga si fue un cortocircuito o un incendio intencional y que est\u00e1n a la espera de las pericias.<\/p>\n\n\n\n<p>&#8220;Fueron dos autos, en uno se incendi\u00f3 el motor y el otro la parte trasera&#8221;, detall\u00f3 Bertorello sobre el hecho que se produjo en anoche y agreg\u00f3 que estaban estacionados a pocos cent\u00edmetros uno del otro&#8221; y confirm\u00f3 que &#8220;no hubo heridos, ni lesionados&#8221;.<\/p>\n\n\n\n<p>Respecto de la investigaci\u00f3n, se\u00f1al\u00f3 que &#8220;se est\u00e1n analizando las c\u00e1maras de seguridad, para ver que pas\u00f3&#8221;.<\/p>\n\n\n\n<figure class=\"wp-block-video\"><video height=\"1920\" style=\"aspect-ratio: 1080 \/ 1920;\" width=\"1080\" controls src=\"https:\/\/corrientesdetarde.com\/wp-content\/uploads\/2026\/03\/Video-Project-33.mp4\"><\/video><\/figure>\n","protected":false},"excerpt":{"rendered":"<p>Dos autom\u00f3viles terminaron con serios da\u00f1os por incendio. Son un Citro\u00ebn y un Peugeot afectados debido a las llamas en la calle D\u00edaz de Vivar casi Lavalle,\u00a0 cerca de la&hellip; <\/p>\n","protected":false},"author":4,"featured_media":249205,"comment_status":"closed","ping_status":"open","sticky":false,"template":"","format":"standard","meta":{"footnotes":""},"categories":[23],"tags":[],"class_list":["post-249197","post","type-post","status-publish","format-standard","has-post-thumbnail","hentry","category-actualidad"],"_links":{"self":[{"href":"https:\/\/corrientesdetarde.com\/index.php\/wp-json\/wp\/v2\/posts\/249197","targetHints":{"allow":["GET"]}}],"collection":[{"href":"https:\/\/corrientesdetarde.com\/index.php\/wp-json\/wp\/v2\/posts"}],"about":[{"href":"https:\/\/corrientesdetarde.com\/index.php\/wp-json\/wp\/v2\/types\/post"}],"author":[{"embeddable":true,"href":"https:\/\/corrientesdetarde.com\/index.php\/wp-json\/wp\/v2\/users\/4"}],"replies":[{"embeddable":true,"href":"https:\/\/corrientesdetarde.com\/index.php\/wp-json\/wp\/v2\/comments?post=249197"}],"version-history":[{"count":1,"href":"https:\/\/corrientesdetarde.com\/index.php\/wp-json\/wp\/v2\/posts\/249197\/revisions"}],"predecessor-version":[{"id":249212,"href":"https:\/\/corrientesdetarde.com\/index.php\/wp-json\/wp\/v2\/posts\/249197\/revisions\/249212"}],"wp:featuredmedia":[{"embeddable":true,"href":"https:\/\/corrientesdetarde.com\/index.php\/wp-json\/wp\/v2\/media\/249205"}],"wp:attachment":[{"href":"https:\/\/corrientesdetarde.com\/index.php\/wp-json\/wp\/v2\/media?parent=249197"}],"wp:term":[{"taxonomy":"category","embeddable":true,"href":"https:\/\/corrientesdetarde.com\/index.php\/wp-json\/wp\/v2\/categories?post=249197"},{"taxonomy":"post_tag","embeddable":true,"href":"https:\/\/corrientesdetarde.com\/index.php\/wp-json\/wp\/v2\/tags?post=249197"}],"curies":[{"name":"wp","href":"https:\/\/api.w.org\/{rel}","templated":true}]}}