{"id":249198,"date":"2026-03-13T10:23:37","date_gmt":"2026-03-13T13:23:37","guid":{"rendered":"https:\/\/corrientesdetarde.com\/?p=249198"},"modified":"2026-03-13T10:23:49","modified_gmt":"2026-03-13T13:23:49","slug":"semana-para-admirar-buenos-aires-desde-arriba","status":"publish","type":"post","link":"https:\/\/corrientesdetarde.com\/index.php\/cultura\/semana-para-admirar-buenos-aires-desde-arriba\/","title":{"rendered":"SEMANA PARA ADMIRAR BUENOS AIRES DESDE ARRIBA"},"content":{"rendered":"\n<p>(Por Bel\u00e9n Papa Orfano, para CDT) &#8211; La Ciudad de Buenos Aires re lanz\u00f3 el ciclo de visitas a los mejores miradores porte\u00f1os, una oportunidad \u00fanica para descubrir figuras, recortes y c\u00fapulas desde algunos puntos hist\u00f3ricos. Son lugares privilegiados desde donde se pueden apreciar aspectos desconocidos de la arquitectura y de la vasta extensi\u00f3n que abarca la Ciudad.<\/p>\n\n\n\n<p>El equipo de Patrimonio del Ministerio de Cultura de la Ciudad tiene a su cargo el ciclo de visitas guiadas a los miradores porte\u00f1os para conocer construcciones representativas de diferentes \u00e9pocas del desarrollo arquitect\u00f3nico porte\u00f1o, que en escasas ocasiones se abren al p\u00fablico.<\/p>\n\n\n\n<p>Si bien las visitas comenzaron los primeros d\u00edas de marzo, todav\u00eda quedan varias oportunidades para conocer algunos miradores. Para inscribirse de forma gratuita hay que ingresar a www.turismo.buenosaires.gob.ar.<\/p>\n\n\n\n<p>PLAZA MITRE<\/p>\n\n\n\n<p>Mi\u00e9rcoles 18 de marzo, 17 horas<br>A cargo de Daniel Vega.<br>Punto de encuentro: Monumento a Mitre, Gral. Gelly y Obes y Arjonilla<br>Sin cupo \u2013 Sin inscripci\u00f3n<br>Se suspende por lluvia<\/p>\n\n\n\n<p>TORRE MONUMENTAL<\/p>\n\n\n\n<p>Jueves 19 de marzo, 15 horas<br>A cargo de Daniel Vega<br>Cupo: 25 personas. Requiere inscripci\u00f3n.<br>Se suspende por lluvia<\/p>\n\n\n\n<p>GALER\u00cdA G\u00dcEMES<\/p>\n\n\n\n<p>Viernes 20 de marzo, 16 horas<br>A cargo de Leonel Contreras.<br>Cupo: 15 personas. Requiere inscripci\u00f3n.<br>Se suspende por lluvia<\/p>\n\n\n\n<p>EDIFICIO MIGUEL BENCICH<\/p>\n\n\n\n<p>Jueves 26 de marzo, 15 horas<br>A cargo de Leonel Contreras.<br>Cupo: 15 personas. Requiere inscripci\u00f3n a partir del 20 de marzo.<br>Se suspende por lluvia<\/p>\n","protected":false},"excerpt":{"rendered":"<p>(Por Bel\u00e9n Papa Orfano, para CDT) &#8211; La Ciudad de Buenos Aires re lanz\u00f3 el ciclo de visitas a los mejores miradores porte\u00f1os, una oportunidad \u00fanica para descubrir figuras, recortes&hellip; <\/p>\n","protected":false},"author":11,"featured_media":249199,"comment_status":"closed","ping_status":"open","sticky":false,"template":"","format":"standard","meta":{"footnotes":""},"categories":[15],"tags":[],"class_list":["post-249198","post","type-post","status-publish","format-standard","has-post-thumbnail","hentry","category-cultura"],"_links":{"self":[{"href":"https:\/\/corrientesdetarde.com\/index.php\/wp-json\/wp\/v2\/posts\/249198","targetHints":{"allow":["GET"]}}],"collection":[{"href":"https:\/\/corrientesdetarde.com\/index.php\/wp-json\/wp\/v2\/posts"}],"about":[{"href":"https:\/\/corrientesdetarde.com\/index.php\/wp-json\/wp\/v2\/types\/post"}],"author":[{"embeddable":true,"href":"https:\/\/corrientesdetarde.com\/index.php\/wp-json\/wp\/v2\/users\/11"}],"replies":[{"embeddable":true,"href":"https:\/\/corrientesdetarde.com\/index.php\/wp-json\/wp\/v2\/comments?post=249198"}],"version-history":[{"count":1,"href":"https:\/\/corrientesdetarde.com\/index.php\/wp-json\/wp\/v2\/posts\/249198\/revisions"}],"predecessor-version":[{"id":249201,"href":"https:\/\/corrientesdetarde.com\/index.php\/wp-json\/wp\/v2\/posts\/249198\/revisions\/249201"}],"wp:featuredmedia":[{"embeddable":true,"href":"https:\/\/corrientesdetarde.com\/index.php\/wp-json\/wp\/v2\/media\/249199"}],"wp:attachment":[{"href":"https:\/\/corrientesdetarde.com\/index.php\/wp-json\/wp\/v2\/media?parent=249198"}],"wp:term":[{"taxonomy":"category","embeddable":true,"href":"https:\/\/corrientesdetarde.com\/index.php\/wp-json\/wp\/v2\/categories?post=249198"},{"taxonomy":"post_tag","embeddable":true,"href":"https:\/\/corrientesdetarde.com\/index.php\/wp-json\/wp\/v2\/tags?post=249198"}],"curies":[{"name":"wp","href":"https:\/\/api.w.org\/{rel}","templated":true}]}}