{"id":249203,"date":"2026-03-13T10:26:38","date_gmt":"2026-03-13T13:26:38","guid":{"rendered":"https:\/\/corrientesdetarde.com\/?p=249203"},"modified":"2026-03-13T10:26:43","modified_gmt":"2026-03-13T13:26:43","slug":"apertura-2026-estudiantes-y-lanus-cierran-una-nueva-fecha","status":"publish","type":"post","link":"https:\/\/corrientesdetarde.com\/index.php\/deportes\/apertura-2026-estudiantes-y-lanus-cierran-una-nueva-fecha\/","title":{"rendered":"APERTURA 2026: ESTUDIANTES Y LANUS CIERRAN UNA NUEVA FECHA"},"content":{"rendered":"\n<p>(NIcol\u00e1s Reif) El campe\u00f3n del Clausura recibe est\u00e1 noche al campe\u00f3n de la Conmebol Sudamericana y la Recopa.<br>La d\u00e9cima fecha del Apertura 2026 del f\u00fatbol argentino llegar\u00e1 a su fin este viernes con el encuentro que sostendr\u00e1n en La Plata Estudiantes y Lan\u00fas (ESPN).<br>El pincha, tercero en la zona A, intentar\u00e1 recuperarse r\u00e1pidamente de la derrota sufrida como local ante V\u00e9lez la pasada fecha.<br>Por su parte el granate buscar\u00e1 dejar atr\u00e1s el duro golpe que signific\u00f3 la ca\u00edda ante Boca como local luego de la obtenci\u00f3n de la Recopa Sudamericana ante Flamengo.<\/p>\n","protected":false},"excerpt":{"rendered":"<p>(NIcol\u00e1s Reif) El campe\u00f3n del Clausura recibe est\u00e1 noche al campe\u00f3n de la Conmebol Sudamericana y la Recopa.La d\u00e9cima fecha del Apertura 2026 del f\u00fatbol argentino llegar\u00e1 a su fin&hellip; <\/p>\n","protected":false},"author":11,"featured_media":247977,"comment_status":"closed","ping_status":"open","sticky":false,"template":"","format":"standard","meta":{"footnotes":""},"categories":[4],"tags":[],"class_list":["post-249203","post","type-post","status-publish","format-standard","has-post-thumbnail","hentry","category-deportes"],"_links":{"self":[{"href":"https:\/\/corrientesdetarde.com\/index.php\/wp-json\/wp\/v2\/posts\/249203","targetHints":{"allow":["GET"]}}],"collection":[{"href":"https:\/\/corrientesdetarde.com\/index.php\/wp-json\/wp\/v2\/posts"}],"about":[{"href":"https:\/\/corrientesdetarde.com\/index.php\/wp-json\/wp\/v2\/types\/post"}],"author":[{"embeddable":true,"href":"https:\/\/corrientesdetarde.com\/index.php\/wp-json\/wp\/v2\/users\/11"}],"replies":[{"embeddable":true,"href":"https:\/\/corrientesdetarde.com\/index.php\/wp-json\/wp\/v2\/comments?post=249203"}],"version-history":[{"count":1,"href":"https:\/\/corrientesdetarde.com\/index.php\/wp-json\/wp\/v2\/posts\/249203\/revisions"}],"predecessor-version":[{"id":249204,"href":"https:\/\/corrientesdetarde.com\/index.php\/wp-json\/wp\/v2\/posts\/249203\/revisions\/249204"}],"wp:featuredmedia":[{"embeddable":true,"href":"https:\/\/corrientesdetarde.com\/index.php\/wp-json\/wp\/v2\/media\/247977"}],"wp:attachment":[{"href":"https:\/\/corrientesdetarde.com\/index.php\/wp-json\/wp\/v2\/media?parent=249203"}],"wp:term":[{"taxonomy":"category","embeddable":true,"href":"https:\/\/corrientesdetarde.com\/index.php\/wp-json\/wp\/v2\/categories?post=249203"},{"taxonomy":"post_tag","embeddable":true,"href":"https:\/\/corrientesdetarde.com\/index.php\/wp-json\/wp\/v2\/tags?post=249203"}],"curies":[{"name":"wp","href":"https:\/\/api.w.org\/{rel}","templated":true}]}}