{"id":249218,"date":"2026-03-13T10:55:57","date_gmt":"2026-03-13T13:55:57","guid":{"rendered":"https:\/\/corrientesdetarde.com\/?p=249218"},"modified":"2026-03-13T10:56:04","modified_gmt":"2026-03-13T13:56:04","slug":"robo-a-automovil-en-plena-avenida-armenia","status":"publish","type":"post","link":"https:\/\/corrientesdetarde.com\/index.php\/policiales\/robo-a-automovil-en-plena-avenida-armenia\/","title":{"rendered":"Robo a autom\u00f3vil en plena avenida Armenia"},"content":{"rendered":"\n<p>En un video que circul\u00f3 en las \u00faltimas horas, se observa c\u00f3mo la vulnerabilidad de los conductores ante el tr\u00e1fico detenido es aprovechada por delincuentes que act\u00faan con total impunidad<\/p>\n\n\n\n<p>La avenida Armenia de la ciudad de Corrientes volvi\u00f3 a ser escenario de un audaz hecho delictivo bajo la modalidad de &#8220;motochorros&#8221;. En un video que circula por las redes sociales, se observa c\u00f3mo la vulnerabilidad de los conductores ante el tr\u00e1fico detenido es aprovechada por delincuentes que act\u00faan con total impunidad.<\/p>\n\n\n\n<p>El incidente tuvo lugar mientras una fila de veh\u00edculos esperaba el cambio de luces en el sem\u00e1foro cercano a la esquina con la calle F\u00e9lix de Azara, en inmediaciones del capitalino barrio Pujoll&nbsp;<\/p>\n\n\n\n<p>El delincuente descendi\u00f3 de una motocicleta mientras un -aparentemente- c\u00f3mplice lo aguardaba con el motor encendido en el carril contrario. En cuesti\u00f3n de segundos, el atacante abord\u00f3 al ocupante de un autom\u00f3vil, sustrayendo sus pertenencias de forma violenta y ante la mirada de varios testigos presenciales.&nbsp;<\/p>\n\n\n\n<p>Tras cometer el il\u00edcito, el ladr\u00f3n cruz\u00f3 la avenida y escap\u00f3 junto a su acompa\u00f1ante en sentido opuesto donde cometi\u00f3 el arrebato.&nbsp;<\/p>\n\n\n\n<p>A pesar de que otros conductores notaron la maniobra y comenzaron a tocar bocina para alertar a la v\u00edctima y disuadir a los delincuentes, el robo se concret\u00f3 con \u00e9xito.&nbsp;<\/p>\n","protected":false},"excerpt":{"rendered":"<p>En un video que circul\u00f3 en las \u00faltimas horas, se observa c\u00f3mo la vulnerabilidad de los conductores ante el tr\u00e1fico detenido es aprovechada por delincuentes que act\u00faan con total impunidad&hellip; <\/p>\n","protected":false},"author":4,"featured_media":249219,"comment_status":"closed","ping_status":"open","sticky":false,"template":"","format":"standard","meta":{"footnotes":""},"categories":[33],"tags":[],"class_list":["post-249218","post","type-post","status-publish","format-standard","has-post-thumbnail","hentry","category-policiales"],"_links":{"self":[{"href":"https:\/\/corrientesdetarde.com\/index.php\/wp-json\/wp\/v2\/posts\/249218","targetHints":{"allow":["GET"]}}],"collection":[{"href":"https:\/\/corrientesdetarde.com\/index.php\/wp-json\/wp\/v2\/posts"}],"about":[{"href":"https:\/\/corrientesdetarde.com\/index.php\/wp-json\/wp\/v2\/types\/post"}],"author":[{"embeddable":true,"href":"https:\/\/corrientesdetarde.com\/index.php\/wp-json\/wp\/v2\/users\/4"}],"replies":[{"embeddable":true,"href":"https:\/\/corrientesdetarde.com\/index.php\/wp-json\/wp\/v2\/comments?post=249218"}],"version-history":[{"count":1,"href":"https:\/\/corrientesdetarde.com\/index.php\/wp-json\/wp\/v2\/posts\/249218\/revisions"}],"predecessor-version":[{"id":249220,"href":"https:\/\/corrientesdetarde.com\/index.php\/wp-json\/wp\/v2\/posts\/249218\/revisions\/249220"}],"wp:featuredmedia":[{"embeddable":true,"href":"https:\/\/corrientesdetarde.com\/index.php\/wp-json\/wp\/v2\/media\/249219"}],"wp:attachment":[{"href":"https:\/\/corrientesdetarde.com\/index.php\/wp-json\/wp\/v2\/media?parent=249218"}],"wp:term":[{"taxonomy":"category","embeddable":true,"href":"https:\/\/corrientesdetarde.com\/index.php\/wp-json\/wp\/v2\/categories?post=249218"},{"taxonomy":"post_tag","embeddable":true,"href":"https:\/\/corrientesdetarde.com\/index.php\/wp-json\/wp\/v2\/tags?post=249218"}],"curies":[{"name":"wp","href":"https:\/\/api.w.org\/{rel}","templated":true}]}}