{"id":249247,"date":"2026-03-13T11:55:59","date_gmt":"2026-03-13T14:55:59","guid":{"rendered":"https:\/\/corrientesdetarde.com\/?p=249247"},"modified":"2026-03-13T11:56:11","modified_gmt":"2026-03-13T14:56:11","slug":"corrientes-futuro-tecno-la-vicegobernacion-destaco-el-liderazgo-de-las-mujeres-en-la-transformacion-digital","status":"publish","type":"post","link":"https:\/\/corrientesdetarde.com\/index.php\/eventos\/corrientes-futuro-tecno-la-vicegobernacion-destaco-el-liderazgo-de-las-mujeres-en-la-transformacion-digital\/","title":{"rendered":"CORRIENTES FUTURO TECNO: La Vicegobernaci\u00f3n destac\u00f3 el liderazgo de las mujeres en la transformaci\u00f3n digital"},"content":{"rendered":"\n<p>Una jornada impulsada por la Vicegobernaci\u00f3n y el programa Corrientes Futuro Tecno puso en valor la formaci\u00f3n tecnol\u00f3gica, el pensamiento computacional y el rol femenino en el desarrollo del ecosistema digital de la provincia.<\/p>\n\n\n\n<p>En el marco del Mes de la Mujer, se realiz\u00f3 una jornada institucional en el Sal\u00f3n de Acuerdos del Senado, con modalidad mixta (presencial y virtual) destinada a reflexionar sobre el papel de la formaci\u00f3n tecnol\u00f3gica y el liderazgo femenino en los procesos de transformaci\u00f3n digital y desarrollo regional.<\/p>\n\n\n\n<p>La actividad se desarroll\u00f3 a trav\u00e9s del programa Corrientes Futuro Tecno, un impulso del vicegobernador Pedro Braillard Poccard, y reuni\u00f3 a estudiantes, profesionales, docentes, funcionarios y referentes del sector tecnol\u00f3gico de la regi\u00f3n.<\/p>\n\n\n\n<p>El encuentro cont\u00f3 con palabras de apertura de la Dra. Naylan Faisal, responsable del programa, quien destac\u00f3 la importancia de continuar generando espacios de formaci\u00f3n, innovaci\u00f3n y encuentro que fortalezcan el ecosistema tecnol\u00f3gico provincial y promuevan el desarrollo del talento local.<\/p>\n\n\n\n<p>Tambi\u00e9n particip\u00f3 la diputada provincial Albana Rotela, quien brind\u00f3 las palabras de bienvenida y remarc\u00f3 la importancia de impulsar iniciativas que promuevan la educaci\u00f3n tecnol\u00f3gica, la inclusi\u00f3n y una mayor participaci\u00f3n de mujeres en el \u00e1mbito digital, tanto en el sector p\u00fablico como en el privado.<\/p>\n\n\n\n<figure class=\"wp-block-image size-full\"><img loading=\"lazy\" decoding=\"async\" width=\"899\" height=\"745\" src=\"https:\/\/corrientesdetarde.com\/wp-content\/uploads\/2026\/03\/image-346.png\" alt=\"\" class=\"wp-image-249248\" srcset=\"https:\/\/corrientesdetarde.com\/wp-content\/uploads\/2026\/03\/image-346.png 899w, https:\/\/corrientesdetarde.com\/wp-content\/uploads\/2026\/03\/image-346-300x249.png 300w, https:\/\/corrientesdetarde.com\/wp-content\/uploads\/2026\/03\/image-346-768x636.png 768w\" sizes=\"auto, (max-width: 899px) 100vw, 899px\" \/><\/figure>\n\n\n\n<p>La jornada tuvo como disertante principal a la Mgter. Gladys Noem\u00ed Dapozo, docente e investigadora de la Facultad de Ciencias Exactas y Naturales y Agrimensura (FaCENA) de la Universidad Nacional del Nordeste (UNNE), quien brind\u00f3 la conferencia central sobre la evoluci\u00f3n del ecosistema tecnol\u00f3gico y los desaf\u00edos actuales de la transformaci\u00f3n digital.<\/p>\n\n\n\n<p>Durante su exposici\u00f3n, la especialista repas\u00f3 el recorrido de la incorporaci\u00f3n de la tecnolog\u00eda en Corrientes, desde los primeros procesos de digitalizaci\u00f3n en organismos p\u00fablicos hasta los desaf\u00edos actuales vinculados a la innovaci\u00f3n, la programaci\u00f3n y el pensamiento computacional. En ese sentido, destac\u00f3 que la transformaci\u00f3n digital requiere no solo avances tecnol\u00f3gicos, sino tambi\u00e9n formaci\u00f3n, liderazgo y decisi\u00f3n institucional.<\/p>\n\n\n\n<p>Asimismo, se subray\u00f3 la importancia de fortalecer los procesos educativos vinculados a las Tecnolog\u00edas de la Informaci\u00f3n y la Comunicaci\u00f3n (TIC) y de promover una mayor participaci\u00f3n de mujeres en los espacios estrat\u00e9gicos del sector tecnol\u00f3gico.<\/p>\n\n\n\n<p>El encuentro incluy\u00f3 adem\u00e1s un espacio de intercambio con estudiantes y profesionales, en el que se abordaron los desaf\u00edos actuales de la formaci\u00f3n en programaci\u00f3n, la innovaci\u00f3n educativa y las oportunidades que ofrece el sector tecnol\u00f3gico para el desarrollo del Nordeste argentino.<\/p>\n\n\n\n<p>Al finalizar la jornada, la diputada Albana Rotela realiz\u00f3 la entrega de un certificado de reconocimiento a la Mgter. Dapozo por su trayectoria acad\u00e9mica y su aporte al desarrollo del conocimiento tecnol\u00f3gico y la formaci\u00f3n de nuevos talentos en la regi\u00f3n.<\/p>\n\n\n\n<p>Desde la Vicegobernaci\u00f3n se\u00f1alaron que este tipo de iniciativas buscan consolidar un ecosistema de innovaci\u00f3n basado en el conocimiento, la educaci\u00f3n y el desarrollo del talento regional, promoviendo una transformaci\u00f3n digital inclusiva y sostenible para la provincia.<\/p>\n\n\n\n<figure class=\"wp-block-image size-full\"><img loading=\"lazy\" decoding=\"async\" width=\"915\" height=\"654\" src=\"https:\/\/corrientesdetarde.com\/wp-content\/uploads\/2026\/03\/image-348.png\" alt=\"\" class=\"wp-image-249250\" srcset=\"https:\/\/corrientesdetarde.com\/wp-content\/uploads\/2026\/03\/image-348.png 915w, https:\/\/corrientesdetarde.com\/wp-content\/uploads\/2026\/03\/image-348-300x214.png 300w, https:\/\/corrientesdetarde.com\/wp-content\/uploads\/2026\/03\/image-348-768x549.png 768w\" sizes=\"auto, (max-width: 915px) 100vw, 915px\" \/><\/figure>\n\n\n\n<figure class=\"wp-block-embed is-type-video is-provider-youtube wp-block-embed-youtube wp-embed-aspect-16-9 wp-has-aspect-ratio\"><div class=\"wp-block-embed__wrapper\">\n<iframe loading=\"lazy\" title=\"Inauguraci\u00f3n de la Muestra &quot;Mujeres Creando, Muestra Artesanal&quot;\" width=\"1110\" height=\"624\" src=\"https:\/\/www.youtube.com\/embed\/zYIz6l9vv0c?feature=oembed\" frameborder=\"0\" allow=\"accelerometer; autoplay; clipboard-write; encrypted-media; gyroscope; picture-in-picture; web-share\" referrerpolicy=\"strict-origin-when-cross-origin\" allowfullscreen><\/iframe>\n<\/div><\/figure>\n","protected":false},"excerpt":{"rendered":"<p>Una jornada impulsada por la Vicegobernaci\u00f3n y el programa Corrientes Futuro Tecno puso en valor la formaci\u00f3n tecnol\u00f3gica, el pensamiento computacional y el rol femenino en el desarrollo del ecosistema&hellip; <\/p>\n","protected":false},"author":1,"featured_media":249249,"comment_status":"closed","ping_status":"open","sticky":false,"template":"","format":"standard","meta":{"footnotes":""},"categories":[22],"tags":[],"class_list":["post-249247","post","type-post","status-publish","format-standard","has-post-thumbnail","hentry","category-eventos"],"_links":{"self":[{"href":"https:\/\/corrientesdetarde.com\/index.php\/wp-json\/wp\/v2\/posts\/249247","targetHints":{"allow":["GET"]}}],"collection":[{"href":"https:\/\/corrientesdetarde.com\/index.php\/wp-json\/wp\/v2\/posts"}],"about":[{"href":"https:\/\/corrientesdetarde.com\/index.php\/wp-json\/wp\/v2\/types\/post"}],"author":[{"embeddable":true,"href":"https:\/\/corrientesdetarde.com\/index.php\/wp-json\/wp\/v2\/users\/1"}],"replies":[{"embeddable":true,"href":"https:\/\/corrientesdetarde.com\/index.php\/wp-json\/wp\/v2\/comments?post=249247"}],"version-history":[{"count":1,"href":"https:\/\/corrientesdetarde.com\/index.php\/wp-json\/wp\/v2\/posts\/249247\/revisions"}],"predecessor-version":[{"id":249251,"href":"https:\/\/corrientesdetarde.com\/index.php\/wp-json\/wp\/v2\/posts\/249247\/revisions\/249251"}],"wp:featuredmedia":[{"embeddable":true,"href":"https:\/\/corrientesdetarde.com\/index.php\/wp-json\/wp\/v2\/media\/249249"}],"wp:attachment":[{"href":"https:\/\/corrientesdetarde.com\/index.php\/wp-json\/wp\/v2\/media?parent=249247"}],"wp:term":[{"taxonomy":"category","embeddable":true,"href":"https:\/\/corrientesdetarde.com\/index.php\/wp-json\/wp\/v2\/categories?post=249247"},{"taxonomy":"post_tag","embeddable":true,"href":"https:\/\/corrientesdetarde.com\/index.php\/wp-json\/wp\/v2\/tags?post=249247"}],"curies":[{"name":"wp","href":"https:\/\/api.w.org\/{rel}","templated":true}]}}