{"id":249255,"date":"2026-03-13T19:41:31","date_gmt":"2026-03-13T22:41:31","guid":{"rendered":"https:\/\/corrientesdetarde.com\/?p=249255"},"modified":"2026-03-13T19:41:43","modified_gmt":"2026-03-13T22:41:43","slug":"es-record-el-nivel-de-endeudamiento-familiar-segun-datos-del-banco-central","status":"publish","type":"post","link":"https:\/\/corrientesdetarde.com\/index.php\/economia\/es-record-el-nivel-de-endeudamiento-familiar-segun-datos-del-banco-central\/","title":{"rendered":"Es r\u00e9cord el nivel de endeudamiento familiar, seg\u00fan datos del Banco Central"},"content":{"rendered":"\n<p>La cantidad de hogares con saldos impagos alcanz\u00f3 el nivel m\u00e1s alto en m\u00e1s de dos d\u00e9cadas, seg\u00fan datos recientes del Banco Central, lo que refleja un deterioro sostenido en la capacidad de pago de las familias. El fen\u00f3meno afecta transversalmente a los principales bancos del sistema financiero y, al incorporar la deuda contra\u00edda a trav\u00e9s de billeteras virtuales, se observa que un 25% de los usuarios registra demoras superiores a tres meses.<\/p>\n\n\n\n<p>La irregularidad en los pagos ya no se limita al cr\u00e9dito tradicional: tambi\u00e9n se extiende a consumos digitales y a operaciones de empresas, donde se advierte un aumento en la morosidad que genera alarma en el sector. En enero, la tasa de incumplimiento en pagos normales trep\u00f3 al 23,9%, un valor significativamente m\u00e1s alto que el observado en entidades financieras tradicionales.<\/p>\n\n\n\n<p>Los bancos reconocen que la situaci\u00f3n comenz\u00f3 a impactar en sus balances y advierten que la mora se transform\u00f3 en un \u201cfen\u00f3meno macro\u201d, con implicancias sobre la estabilidad del sistema. Analistas se\u00f1alan que la combinaci\u00f3n de inflaci\u00f3n persistente, ca\u00edda del poder adquisitivo y encarecimiento del cr\u00e9dito explica el repunte de la morosidad. El Banco Central, por su parte, eval\u00faa medidas de seguimiento m\u00e1s estrictas y no descarta nuevas regulaciones para contener el riesgo sist\u00e9mico.<\/p>\n\n\n\n<p>La tendencia preocupa tanto a las autoridades como al sector privado, ya que compromete la recuperaci\u00f3n econ\u00f3mica y expone la fragilidad de los hogares frente a un escenario de alta incertidumbre.<\/p>\n","protected":false},"excerpt":{"rendered":"<p>La cantidad de hogares con saldos impagos alcanz\u00f3 el nivel m\u00e1s alto en m\u00e1s de dos d\u00e9cadas, seg\u00fan datos recientes del Banco Central, lo que refleja un deterioro sostenido en&hellip; <\/p>\n","protected":false},"author":11,"featured_media":148610,"comment_status":"closed","ping_status":"open","sticky":false,"template":"","format":"standard","meta":{"footnotes":""},"categories":[20],"tags":[],"class_list":["post-249255","post","type-post","status-publish","format-standard","has-post-thumbnail","hentry","category-economia"],"_links":{"self":[{"href":"https:\/\/corrientesdetarde.com\/index.php\/wp-json\/wp\/v2\/posts\/249255","targetHints":{"allow":["GET"]}}],"collection":[{"href":"https:\/\/corrientesdetarde.com\/index.php\/wp-json\/wp\/v2\/posts"}],"about":[{"href":"https:\/\/corrientesdetarde.com\/index.php\/wp-json\/wp\/v2\/types\/post"}],"author":[{"embeddable":true,"href":"https:\/\/corrientesdetarde.com\/index.php\/wp-json\/wp\/v2\/users\/11"}],"replies":[{"embeddable":true,"href":"https:\/\/corrientesdetarde.com\/index.php\/wp-json\/wp\/v2\/comments?post=249255"}],"version-history":[{"count":1,"href":"https:\/\/corrientesdetarde.com\/index.php\/wp-json\/wp\/v2\/posts\/249255\/revisions"}],"predecessor-version":[{"id":249256,"href":"https:\/\/corrientesdetarde.com\/index.php\/wp-json\/wp\/v2\/posts\/249255\/revisions\/249256"}],"wp:featuredmedia":[{"embeddable":true,"href":"https:\/\/corrientesdetarde.com\/index.php\/wp-json\/wp\/v2\/media\/148610"}],"wp:attachment":[{"href":"https:\/\/corrientesdetarde.com\/index.php\/wp-json\/wp\/v2\/media?parent=249255"}],"wp:term":[{"taxonomy":"category","embeddable":true,"href":"https:\/\/corrientesdetarde.com\/index.php\/wp-json\/wp\/v2\/categories?post=249255"},{"taxonomy":"post_tag","embeddable":true,"href":"https:\/\/corrientesdetarde.com\/index.php\/wp-json\/wp\/v2\/tags?post=249255"}],"curies":[{"name":"wp","href":"https:\/\/api.w.org\/{rel}","templated":true}]}}