{"id":249261,"date":"2026-03-14T08:00:00","date_gmt":"2026-03-14T11:00:00","guid":{"rendered":"https:\/\/corrientesdetarde.com\/?p=249261"},"modified":"2026-03-14T09:50:08","modified_gmt":"2026-03-14T12:50:08","slug":"pronostico-del-tiempo-para-este-fin-de-semana-en-corrientes","status":"publish","type":"post","link":"https:\/\/corrientesdetarde.com\/index.php\/clima\/pronostico-del-tiempo-para-este-fin-de-semana-en-corrientes\/","title":{"rendered":"Pron\u00f3stico del tiempo para este fin de semana en Corrientes."},"content":{"rendered":"\n<h2 class=\"wp-block-heading\">El Servicio Meteorol\u00f3gico Nacional anticipa un fin de semana con altas temperaturas y condiciones clim\u00e1ticas estables para la ciudad de Corrientes.<\/h2>\n\n\n\n<p>La jornada de este s\u00e1bado se presenta con un cielo mayormente despejado.&nbsp;<strong>Se espera una temperatura m\u00e1xima de 34\u00b0C, mientras que la m\u00ednima se ubic\u00f3 en los 21\u00b0C.<\/strong><\/p>\n\n\n\n<p>Por la ma\u00f1ana habr\u00e1 un cielo algo nublado con una temperatura&nbsp;<strong>en ascenso desde los 27\u00b0C.<\/strong><\/p>\n\n\n\n<p><strong>El pico de calor llegar\u00e1 en las primeras horas de la tarde<\/strong>. Los vientos soplar\u00e1n de forma leve, predominantemente desde el sector norte y noreste, con velocidades de entre 7 y 12 km\/h. La probabilidad de precipitaciones es nula para todo el d\u00eda.<\/p>\n\n\n\n<figure class=\"wp-block-image\"><a href=\"https:\/\/www.radiosudamericana.com\/notix\/multimedia\/imagenes\/fotos\/2026-03-14\/249469.png\"><img decoding=\"async\" src=\"https:\/\/www.radiosudamericana.com\/notix\/multimedia\/imagenes\/fotos\/2026-03-14\/249469.png_nota.png\" alt=\"\"\/><\/a><\/figure>\n\n\n\n<h2 class=\"wp-block-heading\"><strong>Domingo 15: Aumento de la nubosidad<\/strong><\/h2>\n\n\n\n<p>Para el cierre del fin de semana, el term\u00f3metro continuar\u00e1 marcando valores elevados,&nbsp;<strong>alcanzando una m\u00e1xima de 35\u00b0C y una m\u00ednima de 22\u00b0C.<\/strong><\/p>\n\n\n\n<p>Si bien el cielo estar\u00e1 algo m\u00e1s cubierto (parcialmente nublado) durante la tarde,&nbsp;<strong>no se esperan lluvias significativas, manteni\u00e9ndose una probabilidad baja de apenas el 10%.<\/strong><\/p>\n\n\n\n<p>Se prev\u00e9 un incremento en la intensidad del viento proveniente del sector sur hacia la noche, con r\u00e1fagas que&nbsp;<strong>podr\u00edan oscilar entre los 32 y 41 km\/h<\/strong>, lo que marcar\u00eda el pre\u00e1mbulo de un lunes con mayor inestabilidad clim\u00e1tica.<\/p>\n","protected":false},"excerpt":{"rendered":"<p>El Servicio Meteorol\u00f3gico Nacional anticipa un fin de semana con altas temperaturas y condiciones clim\u00e1ticas estables para la ciudad de Corrientes. La jornada de este s\u00e1bado se presenta con un&hellip; <\/p>\n","protected":false},"author":6,"featured_media":249264,"comment_status":"closed","ping_status":"open","sticky":false,"template":"","format":"standard","meta":{"footnotes":""},"categories":[29],"tags":[],"class_list":["post-249261","post","type-post","status-publish","format-standard","has-post-thumbnail","hentry","category-clima"],"_links":{"self":[{"href":"https:\/\/corrientesdetarde.com\/index.php\/wp-json\/wp\/v2\/posts\/249261","targetHints":{"allow":["GET"]}}],"collection":[{"href":"https:\/\/corrientesdetarde.com\/index.php\/wp-json\/wp\/v2\/posts"}],"about":[{"href":"https:\/\/corrientesdetarde.com\/index.php\/wp-json\/wp\/v2\/types\/post"}],"author":[{"embeddable":true,"href":"https:\/\/corrientesdetarde.com\/index.php\/wp-json\/wp\/v2\/users\/6"}],"replies":[{"embeddable":true,"href":"https:\/\/corrientesdetarde.com\/index.php\/wp-json\/wp\/v2\/comments?post=249261"}],"version-history":[{"count":1,"href":"https:\/\/corrientesdetarde.com\/index.php\/wp-json\/wp\/v2\/posts\/249261\/revisions"}],"predecessor-version":[{"id":249265,"href":"https:\/\/corrientesdetarde.com\/index.php\/wp-json\/wp\/v2\/posts\/249261\/revisions\/249265"}],"wp:featuredmedia":[{"embeddable":true,"href":"https:\/\/corrientesdetarde.com\/index.php\/wp-json\/wp\/v2\/media\/249264"}],"wp:attachment":[{"href":"https:\/\/corrientesdetarde.com\/index.php\/wp-json\/wp\/v2\/media?parent=249261"}],"wp:term":[{"taxonomy":"category","embeddable":true,"href":"https:\/\/corrientesdetarde.com\/index.php\/wp-json\/wp\/v2\/categories?post=249261"},{"taxonomy":"post_tag","embeddable":true,"href":"https:\/\/corrientesdetarde.com\/index.php\/wp-json\/wp\/v2\/tags?post=249261"}],"curies":[{"name":"wp","href":"https:\/\/api.w.org\/{rel}","templated":true}]}}