{"id":249263,"date":"2026-03-14T08:45:00","date_gmt":"2026-03-14T11:45:00","guid":{"rendered":"https:\/\/corrientesdetarde.com\/?p=249263"},"modified":"2026-03-14T09:54:55","modified_gmt":"2026-03-14T12:54:55","slug":"tragedia-un-bebe-murio-tras-el-vuelco-de-una-camioneta-en-ruta-14","status":"publish","type":"post","link":"https:\/\/corrientesdetarde.com\/index.php\/policiales\/tragedia-un-bebe-murio-tras-el-vuelco-de-una-camioneta-en-ruta-14\/","title":{"rendered":"Tragedia: un beb\u00e9 muri\u00f3 tras el vuelco de una camioneta en Ruta 14."},"content":{"rendered":"\n<h2 class=\"wp-block-heading\">El siniestro ocurri\u00f3 cerca de Mocoret\u00e1. El conductor y la madre del menor resultaron gravemente heridos y fueron trasladados a hospitales de la zona.<\/h2>\n\n\n\n<p>Un beb\u00e9 de cinco meses muri\u00f3 este viernes por la ma\u00f1ana tras el despiste y vuelco de una camioneta en el kil\u00f3metro 361 de la Ruta Nacional 14, en el paraje Piedritas, cerca de la localidad de Mocoret\u00e1.<\/p>\n\n\n\n<p>El siniestro ocurri\u00f3 alrededor de las 11, cuando una camioneta Toyota SW4 que circulaba en direcci\u00f3n norte, proveniente de Chajar\u00ed y con destino a la provincia de Misiones, perdi\u00f3 el control y sali\u00f3 despedida de la cinta asf\u00e1ltica. Tras el despiste, el veh\u00edculo volc\u00f3 y termin\u00f3 a la vera de un camino de tierra que atraviesa el corredor vial.<\/p>\n\n\n\n<p>El conductor, identificado como L\u00e1zaro Costich, de 21 a\u00f1os, habr\u00eda perdido el control del rodado por causas que a\u00fan son investigadas. Tras el impacto, los tres ocupantes que viajaban en la cabina fueron trasladados de urgencia al hospital de Mocoret\u00e1, donde los m\u00e9dicos confirmaron el fallecimiento del beb\u00e9.<ins><\/ins><\/p>\n\n\n\n<p>En tanto, el conductor qued\u00f3 internado bajo observaci\u00f3n m\u00e9dica, mientras que la madre del menor, identificada como Milagros, fue derivada al Hospital Samuel W. Robinson para ser sometida a una intervenci\u00f3n quir\u00fargica.<\/p>\n\n\n\n<p>La familia, oriunda de Chajar\u00ed, atravesaba un viaje hacia Misiones cuando ocurri\u00f3 la tragedia. Desde la Fiscal\u00eda que interviene en el caso indicaron que no habr\u00eda otros veh\u00edculos involucrados y que se investiga si el despiste se debi\u00f3 a una falla mec\u00e1nica o a una maniobra evasiva.<\/p>\n\n\n\n<p>Efectivos de la comisar\u00eda de Mocoret\u00e1 trabajan en el an\u00e1lisis de c\u00e1maras de seguridad de la zona, mientras que se confirm\u00f3 que la calzada se encontraba en buenas condiciones al momento del hecho.<\/p>\n\n\n\n<p>En el lugar intervinieron equipos de los Bomberos Voluntarios de Mocoret\u00e1, junto a personal de la Gendarmer\u00eda Nacional Argentina y de la Polic\u00eda de Corrientes, quienes realizaron tareas de rescate y asistencia.<\/p>\n\n\n\n<p>Con este hecho, ya son 27 las personas fallecidas en siniestros viales en la provincia de Corrientes en lo que va del a\u00f1o, seg\u00fan datos oficiales de la Polic\u00eda provincial.<\/p>\n","protected":false},"excerpt":{"rendered":"<p>El siniestro ocurri\u00f3 cerca de Mocoret\u00e1. El conductor y la madre del menor resultaron gravemente heridos y fueron trasladados a hospitales de la zona. Un beb\u00e9 de cinco meses muri\u00f3&hellip; <\/p>\n","protected":false},"author":6,"featured_media":249268,"comment_status":"closed","ping_status":"open","sticky":false,"template":"","format":"standard","meta":{"footnotes":""},"categories":[33],"tags":[],"class_list":["post-249263","post","type-post","status-publish","format-standard","has-post-thumbnail","hentry","category-policiales"],"_links":{"self":[{"href":"https:\/\/corrientesdetarde.com\/index.php\/wp-json\/wp\/v2\/posts\/249263","targetHints":{"allow":["GET"]}}],"collection":[{"href":"https:\/\/corrientesdetarde.com\/index.php\/wp-json\/wp\/v2\/posts"}],"about":[{"href":"https:\/\/corrientesdetarde.com\/index.php\/wp-json\/wp\/v2\/types\/post"}],"author":[{"embeddable":true,"href":"https:\/\/corrientesdetarde.com\/index.php\/wp-json\/wp\/v2\/users\/6"}],"replies":[{"embeddable":true,"href":"https:\/\/corrientesdetarde.com\/index.php\/wp-json\/wp\/v2\/comments?post=249263"}],"version-history":[{"count":1,"href":"https:\/\/corrientesdetarde.com\/index.php\/wp-json\/wp\/v2\/posts\/249263\/revisions"}],"predecessor-version":[{"id":249272,"href":"https:\/\/corrientesdetarde.com\/index.php\/wp-json\/wp\/v2\/posts\/249263\/revisions\/249272"}],"wp:featuredmedia":[{"embeddable":true,"href":"https:\/\/corrientesdetarde.com\/index.php\/wp-json\/wp\/v2\/media\/249268"}],"wp:attachment":[{"href":"https:\/\/corrientesdetarde.com\/index.php\/wp-json\/wp\/v2\/media?parent=249263"}],"wp:term":[{"taxonomy":"category","embeddable":true,"href":"https:\/\/corrientesdetarde.com\/index.php\/wp-json\/wp\/v2\/categories?post=249263"},{"taxonomy":"post_tag","embeddable":true,"href":"https:\/\/corrientesdetarde.com\/index.php\/wp-json\/wp\/v2\/tags?post=249263"}],"curies":[{"name":"wp","href":"https:\/\/api.w.org\/{rel}","templated":true}]}}