{"id":249288,"date":"2026-03-14T09:00:00","date_gmt":"2026-03-14T12:00:00","guid":{"rendered":"https:\/\/corrientesdetarde.com\/?p=249288"},"modified":"2026-03-14T10:45:25","modified_gmt":"2026-03-14T13:45:25","slug":"a-partir-del-lunes-16-las-lineas-101-y-105-retoman-sus-recorridos-habituales","status":"publish","type":"post","link":"https:\/\/corrientesdetarde.com\/index.php\/locales\/a-partir-del-lunes-16-las-lineas-101-y-105-retoman-sus-recorridos-habituales\/","title":{"rendered":"A partir del lunes 16 las l\u00edneas 101 y 105 retoman sus recorridos habituales."},"content":{"rendered":"\n<h2 class=\"wp-block-heading\">La Municipalidad de Corrientes inform\u00f3 que, a partir de este lunes, los ramales de las l\u00edneas 101 y 105 volver\u00e1n a circular por sus trayectos originales hacia el \u00e1rea c\u00e9ntrica.<\/h2>\n\n\n\n<p>Desde el inicio de la jornada de este lunes,&nbsp;<strong>las l\u00edneas 101 (ramales A y B) y 105 (ramales A y B)<\/strong>&nbsp;normalizar\u00e1n su circulaci\u00f3n hacia el Puerto capitalino. Seg\u00fan el esquema oficial, los&nbsp;<strong>colectivos 101 A y B, junto al 105 A<\/strong>, retomar\u00e1n el corredor de&nbsp;<strong>Avenida Chacabuco hacia San Mart\u00edn y La Rioja.<\/strong><\/p>\n\n\n\n<figure class=\"wp-block-image\"><a href=\"https:\/\/www.radiosudamericana.com\/notix\/multimedia\/imagenes\/fotos\/2026-03-13\/187185.png\"><img decoding=\"async\" src=\"https:\/\/www.radiosudamericana.com\/notix\/multimedia\/imagenes\/fotos\/2026-03-13\/187185.png_nota.png\" alt=\"\"\/><\/a><\/figure>\n\n\n\n<p>Por su parte,&nbsp;<strong>la l\u00ednea 105 B&nbsp;<\/strong>volver\u00e1 a transitar por la calle Ituzaing\u00f3 para conectar luego con el centro a trav\u00e9s de&nbsp;<strong>San Mart\u00edn y La Rioja<\/strong>, facilitando el acceso de los usuarios a las paradas tradicionales.<\/p>\n\n\n\n<p>Esta medida de el municipio de Corrientes&nbsp;buscan&nbsp;<strong>optimizar la frecuencia y la previsibilidad&nbsp;<\/strong>del servicio tras la finalizaci\u00f3n de tareas que afectaban el tr\u00e1nsito en la zona.<\/p>\n","protected":false},"excerpt":{"rendered":"<p>La Municipalidad de Corrientes inform\u00f3 que, a partir de este lunes, los ramales de las l\u00edneas 101 y 105 volver\u00e1n a circular por sus trayectos originales hacia el \u00e1rea c\u00e9ntrica.&hellip; <\/p>\n","protected":false},"author":6,"featured_media":249292,"comment_status":"closed","ping_status":"open","sticky":false,"template":"","format":"standard","meta":{"footnotes":""},"categories":[8],"tags":[],"class_list":["post-249288","post","type-post","status-publish","format-standard","has-post-thumbnail","hentry","category-locales"],"_links":{"self":[{"href":"https:\/\/corrientesdetarde.com\/index.php\/wp-json\/wp\/v2\/posts\/249288","targetHints":{"allow":["GET"]}}],"collection":[{"href":"https:\/\/corrientesdetarde.com\/index.php\/wp-json\/wp\/v2\/posts"}],"about":[{"href":"https:\/\/corrientesdetarde.com\/index.php\/wp-json\/wp\/v2\/types\/post"}],"author":[{"embeddable":true,"href":"https:\/\/corrientesdetarde.com\/index.php\/wp-json\/wp\/v2\/users\/6"}],"replies":[{"embeddable":true,"href":"https:\/\/corrientesdetarde.com\/index.php\/wp-json\/wp\/v2\/comments?post=249288"}],"version-history":[{"count":1,"href":"https:\/\/corrientesdetarde.com\/index.php\/wp-json\/wp\/v2\/posts\/249288\/revisions"}],"predecessor-version":[{"id":249295,"href":"https:\/\/corrientesdetarde.com\/index.php\/wp-json\/wp\/v2\/posts\/249288\/revisions\/249295"}],"wp:featuredmedia":[{"embeddable":true,"href":"https:\/\/corrientesdetarde.com\/index.php\/wp-json\/wp\/v2\/media\/249292"}],"wp:attachment":[{"href":"https:\/\/corrientesdetarde.com\/index.php\/wp-json\/wp\/v2\/media?parent=249288"}],"wp:term":[{"taxonomy":"category","embeddable":true,"href":"https:\/\/corrientesdetarde.com\/index.php\/wp-json\/wp\/v2\/categories?post=249288"},{"taxonomy":"post_tag","embeddable":true,"href":"https:\/\/corrientesdetarde.com\/index.php\/wp-json\/wp\/v2\/tags?post=249288"}],"curies":[{"name":"wp","href":"https:\/\/api.w.org\/{rel}","templated":true}]}}