{"id":249293,"date":"2026-03-14T10:30:00","date_gmt":"2026-03-14T13:30:00","guid":{"rendered":"https:\/\/corrientesdetarde.com\/?p=249293"},"modified":"2026-03-14T11:32:42","modified_gmt":"2026-03-14T14:32:42","slug":"la-justicia-rechazo-la-prision-domiciliaria-para-el-tio-de-loan","status":"publish","type":"post","link":"https:\/\/corrientesdetarde.com\/index.php\/crimen-y-justicia\/la-justicia-rechazo-la-prision-domiciliaria-para-el-tio-de-loan\/","title":{"rendered":"La Justicia rechaz\u00f3 la prisi\u00f3n domiciliaria para el t\u00edo de Loan."},"content":{"rendered":"\n<h2 class=\"wp-block-heading\">Con esta decisi\u00f3n, el m\u00e1ximo tribunal penal del pa\u00eds dej\u00f3 firme la resoluci\u00f3n del Tribunal Oral en lo Criminal Federal de Corrientes, que el 28 de noviembre pasado hab\u00eda rechazado otorgarle el beneficio de la prisi\u00f3n domiciliaria al acusado.<\/h2>\n\n\n\n<p>La C\u00e1mara Federal de Casaci\u00f3n Penal rechaz\u00f3 el recurso de queja presentado por la defensa de Antonio Ben\u00edtez, quien permanece detenido en la causa por la desaparici\u00f3n del ni\u00f1o Loan Danilo Pe\u00f1a.<\/p>\n\n\n\n<p>Con esta decisi\u00f3n, el m\u00e1ximo tribunal penal del pa\u00eds dej\u00f3 firme la resoluci\u00f3n del Tribunal Oral en lo Criminal Federal de Corrientes, que el 28 de noviembre pasado hab\u00eda rechazado otorgarle el beneficio de la prisi\u00f3n domiciliaria al acusado.<\/p>\n\n\n\n<p>Ben\u00edtez est\u00e1 imputado por la presunta sustracci\u00f3n y el ocultamiento del menor, que desapareci\u00f3 el 13 de junio de 2024 en el paraje Algarrobal, en la provincia de Corrientes. Permanece detenido junto a otros seis acusados que tambi\u00e9n est\u00e1n vinculados a la causa.<\/p>\n\n\n\n<p>Previamente, la defensa hab\u00eda intentado revertir la decisi\u00f3n judicial mediante un recurso de casaci\u00f3n, que tambi\u00e9n fue desestimado por los tribunales.<\/p>\n\n\n\n<p>El pedido para que el imputado cumpliera la detenci\u00f3n en su domicilio se bas\u00f3 en la supuesta situaci\u00f3n de vulnerabilidad de sus hijos menores y en el principio del inter\u00e9s superior del ni\u00f1o. Sin embargo, los magistrados consideraron que esos argumentos no eran suficientes para modificar la medida de detenci\u00f3n.<\/p>\n\n\n\n<p>Con el rechazo del \u00faltimo recurso, la C\u00e1mara de Casaci\u00f3n cerr\u00f3 la instancia de revisi\u00f3n sobre ese planteo, por lo que Ben\u00edtez continuar\u00e1 detenido a la espera del juicio.<\/p>\n\n\n\n<p>En paralelo, otras diez personas ser\u00e1n llevadas a juicio acusadas de presunto entorpecimiento de la investigaci\u00f3n en el caso que busca esclarecer la desaparici\u00f3n de Loan.<\/p>\n","protected":false},"excerpt":{"rendered":"<p>Con esta decisi\u00f3n, el m\u00e1ximo tribunal penal del pa\u00eds dej\u00f3 firme la resoluci\u00f3n del Tribunal Oral en lo Criminal Federal de Corrientes, que el 28 de noviembre pasado hab\u00eda rechazado&hellip; <\/p>\n","protected":false},"author":6,"featured_media":249296,"comment_status":"closed","ping_status":"open","sticky":false,"template":"","format":"standard","meta":{"footnotes":""},"categories":[5],"tags":[],"class_list":["post-249293","post","type-post","status-publish","format-standard","has-post-thumbnail","hentry","category-crimen-y-justicia"],"_links":{"self":[{"href":"https:\/\/corrientesdetarde.com\/index.php\/wp-json\/wp\/v2\/posts\/249293","targetHints":{"allow":["GET"]}}],"collection":[{"href":"https:\/\/corrientesdetarde.com\/index.php\/wp-json\/wp\/v2\/posts"}],"about":[{"href":"https:\/\/corrientesdetarde.com\/index.php\/wp-json\/wp\/v2\/types\/post"}],"author":[{"embeddable":true,"href":"https:\/\/corrientesdetarde.com\/index.php\/wp-json\/wp\/v2\/users\/6"}],"replies":[{"embeddable":true,"href":"https:\/\/corrientesdetarde.com\/index.php\/wp-json\/wp\/v2\/comments?post=249293"}],"version-history":[{"count":1,"href":"https:\/\/corrientesdetarde.com\/index.php\/wp-json\/wp\/v2\/posts\/249293\/revisions"}],"predecessor-version":[{"id":249297,"href":"https:\/\/corrientesdetarde.com\/index.php\/wp-json\/wp\/v2\/posts\/249293\/revisions\/249297"}],"wp:featuredmedia":[{"embeddable":true,"href":"https:\/\/corrientesdetarde.com\/index.php\/wp-json\/wp\/v2\/media\/249296"}],"wp:attachment":[{"href":"https:\/\/corrientesdetarde.com\/index.php\/wp-json\/wp\/v2\/media?parent=249293"}],"wp:term":[{"taxonomy":"category","embeddable":true,"href":"https:\/\/corrientesdetarde.com\/index.php\/wp-json\/wp\/v2\/categories?post=249293"},{"taxonomy":"post_tag","embeddable":true,"href":"https:\/\/corrientesdetarde.com\/index.php\/wp-json\/wp\/v2\/tags?post=249293"}],"curies":[{"name":"wp","href":"https:\/\/api.w.org\/{rel}","templated":true}]}}