{"id":249294,"date":"2026-03-14T11:34:21","date_gmt":"2026-03-14T14:34:21","guid":{"rendered":"https:\/\/corrientesdetarde.com\/?p=249294"},"modified":"2026-03-14T11:34:26","modified_gmt":"2026-03-14T14:34:26","slug":"kimi-antonelli-hizo-historia-en-la-formula-1","status":"publish","type":"post","link":"https:\/\/corrientesdetarde.com\/index.php\/deportes\/kimi-antonelli-hizo-historia-en-la-formula-1\/","title":{"rendered":"Kimi Antonelli hizo historia en la F\u00f3rmula 1."},"content":{"rendered":"\n<h2 class=\"wp-block-heading\">El italiano de Mercedes vol\u00f3 en Shangh\u00e1i y dej\u00f3 atr\u00e1s la marca de Sebastian Vettel.<\/h2>\n\n\n\n<p>La clasificaci\u00f3n del GP de China en Shangh\u00e1i quedar\u00e1 grabada en la historia de la\u00a0<strong>F\u00f3rmula 1<\/strong>: con apenas\u00a0<strong>19 a\u00f1os<\/strong>, el italiano\u00a0<strong>Kimi Antonelli<\/strong>\u00a0se convirti\u00f3 en el piloto m\u00e1s joven en conseguir una pole position. El joven talento de\u00a0<strong>Mercedes<\/strong>\u00a0firm\u00f3 una vuelta perfecta y se asegur\u00f3 largar primero. Con su registro, super\u00f3 el r\u00e9cord que ostentaba\u00a0<strong>Sebastian Vettel<\/strong>, quien ten\u00eda 21 a\u00f1os cuando logr\u00f3 la pole en Monza 2008.<\/p>\n\n\n\n<p>Antonelli encabez\u00f3 un doblete de Mercedes y estar\u00e1 acompa\u00f1ado en la primera fila por su compa\u00f1ero&nbsp;<strong>George Russell<\/strong>, que ven\u00eda de ganar la carrera al Sprint horas antes y se ubic\u00f3 segundo a solo 0,222 segundos. \u201c<strong>Fue una sesi\u00f3n bastante limpia, sin errores y con muchas ganas de la carrera de ma\u00f1ana<\/strong>\u201d, resumi\u00f3 Antonelli, que no ocult\u00f3 su emoci\u00f3n tras la haza\u00f1a.<\/p>\n\n\n\n<p><strong>As\u00ed qued\u00f3 la grilla de largada en China<\/strong><br>Detr\u00e1s del dominio de Mercedes, la segunda fila ser\u00e1 toda de&nbsp;<strong>Ferrari<\/strong>:&nbsp;<strong>Lewis Hamilton<\/strong>&nbsp;clasific\u00f3 tercero y&nbsp;<strong>Charles Leclerc<\/strong>&nbsp;cuarto, listos para dar pelea en la carrera del domingo. M\u00e1s atr\u00e1s, los&nbsp;<strong>McLaren<\/strong>&nbsp;de&nbsp;<strong>Oscar Piastri<\/strong>&nbsp;y el campe\u00f3n del mundo&nbsp;<strong>Lando Norris<\/strong>&nbsp;se ubicaron quinto y sexto.<\/p>\n\n\n\n<p>La gran sorpresa fue la floja actuaci\u00f3n de&nbsp;<strong>Max Verstappen<\/strong>, que apenas pudo ser octavo con un&nbsp;<strong>Red Bull<\/strong>&nbsp;que mostr\u00f3 serios problemas durante todo el fin de semana. El neerland\u00e9s, l\u00edder habitual del campeonato, no encontr\u00f3 ritmo y qued\u00f3 lejos de la lucha por la pole.<\/p>\n\n\n\n<p><\/p>\n","protected":false},"excerpt":{"rendered":"<p>El italiano de Mercedes vol\u00f3 en Shangh\u00e1i y dej\u00f3 atr\u00e1s la marca de Sebastian Vettel. La clasificaci\u00f3n del GP de China en Shangh\u00e1i quedar\u00e1 grabada en la historia de la\u00a0F\u00f3rmula&hellip; <\/p>\n","protected":false},"author":6,"featured_media":249298,"comment_status":"closed","ping_status":"open","sticky":false,"template":"","format":"standard","meta":{"footnotes":""},"categories":[4],"tags":[],"class_list":["post-249294","post","type-post","status-publish","format-standard","has-post-thumbnail","hentry","category-deportes"],"_links":{"self":[{"href":"https:\/\/corrientesdetarde.com\/index.php\/wp-json\/wp\/v2\/posts\/249294","targetHints":{"allow":["GET"]}}],"collection":[{"href":"https:\/\/corrientesdetarde.com\/index.php\/wp-json\/wp\/v2\/posts"}],"about":[{"href":"https:\/\/corrientesdetarde.com\/index.php\/wp-json\/wp\/v2\/types\/post"}],"author":[{"embeddable":true,"href":"https:\/\/corrientesdetarde.com\/index.php\/wp-json\/wp\/v2\/users\/6"}],"replies":[{"embeddable":true,"href":"https:\/\/corrientesdetarde.com\/index.php\/wp-json\/wp\/v2\/comments?post=249294"}],"version-history":[{"count":1,"href":"https:\/\/corrientesdetarde.com\/index.php\/wp-json\/wp\/v2\/posts\/249294\/revisions"}],"predecessor-version":[{"id":249299,"href":"https:\/\/corrientesdetarde.com\/index.php\/wp-json\/wp\/v2\/posts\/249294\/revisions\/249299"}],"wp:featuredmedia":[{"embeddable":true,"href":"https:\/\/corrientesdetarde.com\/index.php\/wp-json\/wp\/v2\/media\/249298"}],"wp:attachment":[{"href":"https:\/\/corrientesdetarde.com\/index.php\/wp-json\/wp\/v2\/media?parent=249294"}],"wp:term":[{"taxonomy":"category","embeddable":true,"href":"https:\/\/corrientesdetarde.com\/index.php\/wp-json\/wp\/v2\/categories?post=249294"},{"taxonomy":"post_tag","embeddable":true,"href":"https:\/\/corrientesdetarde.com\/index.php\/wp-json\/wp\/v2\/tags?post=249294"}],"curies":[{"name":"wp","href":"https:\/\/api.w.org\/{rel}","templated":true}]}}