{"id":249301,"date":"2026-03-14T11:00:00","date_gmt":"2026-03-14T14:00:00","guid":{"rendered":"https:\/\/corrientesdetarde.com\/?p=249301"},"modified":"2026-03-14T11:37:06","modified_gmt":"2026-03-14T14:37:06","slug":"los-bancarios-acordaron-un-nuevo-aumento-atado-a-la-inflacion","status":"publish","type":"post","link":"https:\/\/corrientesdetarde.com\/index.php\/economia\/los-bancarios-acordaron-un-nuevo-aumento-atado-a-la-inflacion\/","title":{"rendered":"Los bancarios acordaron un nuevo aumento atado a la inflaci\u00f3n."},"content":{"rendered":"\n<h2 class=\"wp-block-heading\">El sindicato que conduce Sergio Palazzo acord\u00f3 con las entidades bancarias que el incremento de sueldos refleje el IPC del mes.<\/h2>\n\n\n\n<p>El sindicato\u00a0<strong>La Bancaria<\/strong>, que conduce Sergio Palazzo, cerr\u00f3 con las c\u00e1maras del sector un nuevo acuerdo salarial sobre los sueldos de febrero, atado a la <strong>inflaci\u00f3n<\/strong>, que fue de<strong>\u00a02,9%<\/strong>. As\u00ed, el\u00a0<strong>salario b\u00e1sico\u00a0<\/strong>queda en\u00a0<strong>$2.187.023,79<\/strong>.<\/p>\n\n\n\n<p>El entendimiento, al que lleg\u00f3 el gremio con Abaprra, Adeba, ABA y el Banco Central, establece que el retroactivo deber\u00e1 ser abonado con los salarios de marzo.<\/p>\n\n\n\n<p>Esta actualizaci\u00f3n impacta en todas las remuneraciones mensuales brutas, tanto remunerativas como no remunerativas, y abarca los adicionales convencionales y no convencionales.<\/p>\n\n\n\n<p>El acuerdo tambi\u00e9n impactar\u00e1 en el<strong>&nbsp;bono<\/strong>&nbsp;por el D\u00eda del Bancario, un beneficio adicional que los empleados del sector reciben todos los a\u00f1os en noviembre.<\/p>\n\n\n\n<p>Hasta el momento, este monto totaliza en&nbsp;<strong>$1.949.656,06<\/strong>&nbsp;en su categor\u00eda inicial, sujeta a ajustes por futuras subas salariales.<\/p>\n\n\n\n<p>As\u00ed, las remuneraciones de los empleados bancarios acumularon un incremento de 5,9% en el primer bimestre del a\u00f1o.<\/p>\n\n\n\n<p>\u201cDesde la Asociaci\u00f3n Bancaria garantizamos que los trabajadores bancarios contin\u00faen salvaguardando el poder adquisitivo de los salarios\u201d, indicaron en un comunicado.<\/p>\n\n\n\n<h2 class=\"wp-block-heading\">Paritarias: cu\u00e1nto cobra un empleado bancario con aumento<\/h2>\n\n\n\n<p>Con el aumento de 2,9%, el&nbsp;<strong>salario m\u00ednimo inicial bancario&nbsp;<\/strong>queda compuesto de la siguiente manera:<\/p>\n\n\n\n<ul class=\"wp-block-list\">\n<li>Sueldo b\u00e1sico:\u00a0<strong>$2.187.023,79<\/strong>;<\/li>\n\n\n\n<li>Bono por el D\u00eda del Bancario:\u00a0<strong>$1.949.656,06<\/strong>;<\/li>\n<\/ul>\n\n\n\n<figure class=\"wp-block-image\"><img decoding=\"async\" src=\"https:\/\/tn.com.ar\/resizer\/v2\/foto-la-bancaria-4DQ2B445ZJEJZL6PNHQG2TPO3Y.jpg?auth=811a9f8e2845b2b506df0f0d224dc2a6f58255dd4c40e48d9a565fc37b2062b1&amp;width=767\" alt=\"(Foto: La Bancaria)\"\/><figcaption class=\"wp-element-caption\">(Foto: La Bancaria)<\/figcaption><\/figure>\n\n\n\n<p>El incremento tambi\u00e9n impacta en los adicionales convencionales y no convencionales que perciben los&nbsp;<strong>trabajadores del sistema financiero<\/strong>.<\/p>\n\n\n\n<h2 class=\"wp-block-heading\">Otro gremio cerr\u00f3 paritarias: Camioneros firm\u00f3 un aumento salarial semestral<\/h2>\n\n\n\n<p>El sindicato de&nbsp;<strong>Camioneros<\/strong>&nbsp;tambi\u00e9n cerr\u00f3 un nuevo acuerdo paritario con las empresas del sector. Resta que el Gobierno homologue la decisi\u00f3n.<\/p>\n\n\n\n<p>Se establece un&nbsp;<strong>aumento salarial del 10,1%<\/strong>&nbsp;para el semestre marzo-agosto, con incrementos mensuales escalonados.<\/p>\n\n\n\n<p>El incremento se abonar\u00e1 de la siguiente manera:&nbsp;<strong>2% en marzo, 1,8% en abril, 1,7% en mayo, 1,6% en junio, y 1,5% en julio y agosto<\/strong>.<\/p>\n\n\n\n<p>Adem\u00e1s, los camioneros recibir\u00e1n&nbsp;<strong>una suma no remunerativa de $53.000 en marzo<\/strong>. Se liquidar\u00e1 por \u00fanica vez.<\/p>\n","protected":false},"excerpt":{"rendered":"<p>El sindicato que conduce Sergio Palazzo acord\u00f3 con las entidades bancarias que el incremento de sueldos refleje el IPC del mes. El sindicato\u00a0La Bancaria, que conduce Sergio Palazzo, cerr\u00f3 con&hellip; <\/p>\n","protected":false},"author":6,"featured_media":249302,"comment_status":"closed","ping_status":"open","sticky":false,"template":"","format":"standard","meta":{"footnotes":""},"categories":[20],"tags":[],"class_list":["post-249301","post","type-post","status-publish","format-standard","has-post-thumbnail","hentry","category-economia"],"_links":{"self":[{"href":"https:\/\/corrientesdetarde.com\/index.php\/wp-json\/wp\/v2\/posts\/249301","targetHints":{"allow":["GET"]}}],"collection":[{"href":"https:\/\/corrientesdetarde.com\/index.php\/wp-json\/wp\/v2\/posts"}],"about":[{"href":"https:\/\/corrientesdetarde.com\/index.php\/wp-json\/wp\/v2\/types\/post"}],"author":[{"embeddable":true,"href":"https:\/\/corrientesdetarde.com\/index.php\/wp-json\/wp\/v2\/users\/6"}],"replies":[{"embeddable":true,"href":"https:\/\/corrientesdetarde.com\/index.php\/wp-json\/wp\/v2\/comments?post=249301"}],"version-history":[{"count":1,"href":"https:\/\/corrientesdetarde.com\/index.php\/wp-json\/wp\/v2\/posts\/249301\/revisions"}],"predecessor-version":[{"id":249303,"href":"https:\/\/corrientesdetarde.com\/index.php\/wp-json\/wp\/v2\/posts\/249301\/revisions\/249303"}],"wp:featuredmedia":[{"embeddable":true,"href":"https:\/\/corrientesdetarde.com\/index.php\/wp-json\/wp\/v2\/media\/249302"}],"wp:attachment":[{"href":"https:\/\/corrientesdetarde.com\/index.php\/wp-json\/wp\/v2\/media?parent=249301"}],"wp:term":[{"taxonomy":"category","embeddable":true,"href":"https:\/\/corrientesdetarde.com\/index.php\/wp-json\/wp\/v2\/categories?post=249301"},{"taxonomy":"post_tag","embeddable":true,"href":"https:\/\/corrientesdetarde.com\/index.php\/wp-json\/wp\/v2\/tags?post=249301"}],"curies":[{"name":"wp","href":"https:\/\/api.w.org\/{rel}","templated":true}]}}