{"id":249306,"date":"2026-03-14T00:00:00","date_gmt":"2026-03-14T03:00:00","guid":{"rendered":"https:\/\/corrientesdetarde.com\/?p=249306"},"modified":"2026-03-14T12:21:37","modified_gmt":"2026-03-14T15:21:37","slug":"allanaron-el-municipio-pueblo-libertador-por-lavado-de-activos","status":"publish","type":"post","link":"https:\/\/corrientesdetarde.com\/index.php\/policiales\/allanaron-el-municipio-pueblo-libertador-por-lavado-de-activos\/","title":{"rendered":"\u00a0Allanaron el municipio Pueblo Libertador por lavado de activos."},"content":{"rendered":"\n<h2 class=\"wp-block-heading\">El operativo, encabezado por el fiscal federal Mart\u00edn Guzm\u00e1n, investiga una red de blanqueo de activos con ramificaciones en Formosa. Los principales sospechosos tienen antecedentes por tr\u00e1fico de coca\u00edna.<\/h2>\n\n\n\n<p>En la localidad de Pueblo Libertador,\u00a0<strong>Gendarmer\u00eda Nacional realiz\u00f3 una serie de allanamientos simult\u00e1neos.\u00a0<\/strong>El operativo incluy\u00f3 el allanamientos del edificio municipal, domicilios particulares y estudios contables en busca de documentaci\u00f3n cr\u00edtica para una causa de lavado de activos vinculada al narcotr\u00e1fico.<\/p>\n\n\n\n<p>La investigaci\u00f3n apunta a una organizaci\u00f3n que utilizaba un complejo de caba\u00f1as en la zona para blanquear dinero proveniente de la venta de estupefacientes<strong>. &#8220;Se allan\u00f3 el municipio, donde se incaut\u00f3 material o informaci\u00f3n cr\u00edtica para la causa, y tambi\u00e9n estudios contables que estar\u00edan ligados a la estructura financiera de esta red&#8221;<\/strong>, precis\u00f3 el periodista sobre la magnitud del despliegue federal.<\/p>\n\n\n\n<h2 class=\"wp-block-heading\"><strong>Antecedentes y v\u00ednculos con Formosa<\/strong><\/h2>\n\n\n\n<p><strong>La causa pone la lupa sobre una pareja de apellidos C\u00e1ceres y Cejas, quienes ya cuentan con antecedentes<\/strong>. Palacios record\u00f3 que en el a\u00f1o 2016 ambos protagonizaron un accidente de tr\u00e1nsito en el que, tras la llegada de la polic\u00eda al siniestro,&nbsp;<strong>se hallaron 50 kilos de coca\u00edna dentro del veh\u00edculo<\/strong>. En aquel episodio tambi\u00e9n viajaba el suegro de uno de ellos, quien se desempe\u00f1aba como<strong>&nbsp;funcionario del Ministerio de Econom\u00eda de Formosa.<\/strong><\/p>\n\n\n\n<p>Este nexo refuerza la hip\u00f3tesis de una red de narcotr\u00e1fico con ramificaciones operativas en la provincia vecina y que habr\u00eda elegido Pueblo Libertador por su perfil bajo para el desarrollo de emprendimientos tur\u00edsticos destinados al lavado.&nbsp;<strong>&#8220;Es una red que ven\u00eda operando hace rato y finalmente la Justicia Federal, bajo la \u00f3rbita del fiscal Mart\u00edn Guzm\u00e1n, avanz\u00f3 sobre estas caba\u00f1as&#8221;<\/strong>, concluy\u00f3 el corresponsal.<\/p>\n","protected":false},"excerpt":{"rendered":"<p>El operativo, encabezado por el fiscal federal Mart\u00edn Guzm\u00e1n, investiga una red de blanqueo de activos con ramificaciones en Formosa. Los principales sospechosos tienen antecedentes por tr\u00e1fico de coca\u00edna. En&hellip; <\/p>\n","protected":false},"author":6,"featured_media":249309,"comment_status":"closed","ping_status":"open","sticky":false,"template":"","format":"standard","meta":{"footnotes":""},"categories":[33],"tags":[],"class_list":["post-249306","post","type-post","status-publish","format-standard","has-post-thumbnail","hentry","category-policiales"],"_links":{"self":[{"href":"https:\/\/corrientesdetarde.com\/index.php\/wp-json\/wp\/v2\/posts\/249306","targetHints":{"allow":["GET"]}}],"collection":[{"href":"https:\/\/corrientesdetarde.com\/index.php\/wp-json\/wp\/v2\/posts"}],"about":[{"href":"https:\/\/corrientesdetarde.com\/index.php\/wp-json\/wp\/v2\/types\/post"}],"author":[{"embeddable":true,"href":"https:\/\/corrientesdetarde.com\/index.php\/wp-json\/wp\/v2\/users\/6"}],"replies":[{"embeddable":true,"href":"https:\/\/corrientesdetarde.com\/index.php\/wp-json\/wp\/v2\/comments?post=249306"}],"version-history":[{"count":1,"href":"https:\/\/corrientesdetarde.com\/index.php\/wp-json\/wp\/v2\/posts\/249306\/revisions"}],"predecessor-version":[{"id":249310,"href":"https:\/\/corrientesdetarde.com\/index.php\/wp-json\/wp\/v2\/posts\/249306\/revisions\/249310"}],"wp:featuredmedia":[{"embeddable":true,"href":"https:\/\/corrientesdetarde.com\/index.php\/wp-json\/wp\/v2\/media\/249309"}],"wp:attachment":[{"href":"https:\/\/corrientesdetarde.com\/index.php\/wp-json\/wp\/v2\/media?parent=249306"}],"wp:term":[{"taxonomy":"category","embeddable":true,"href":"https:\/\/corrientesdetarde.com\/index.php\/wp-json\/wp\/v2\/categories?post=249306"},{"taxonomy":"post_tag","embeddable":true,"href":"https:\/\/corrientesdetarde.com\/index.php\/wp-json\/wp\/v2\/tags?post=249306"}],"curies":[{"name":"wp","href":"https:\/\/api.w.org\/{rel}","templated":true}]}}