{"id":249308,"date":"2026-03-14T12:00:00","date_gmt":"2026-03-14T15:00:00","guid":{"rendered":"https:\/\/corrientesdetarde.com\/?p=249308"},"modified":"2026-03-14T12:25:52","modified_gmt":"2026-03-14T15:25:52","slug":"el-argentino-andreozzi-va-por-su-primer-titulo-de-masters-1000","status":"publish","type":"post","link":"https:\/\/corrientesdetarde.com\/index.php\/deportes\/el-argentino-andreozzi-va-por-su-primer-titulo-de-masters-1000\/","title":{"rendered":"El argentino Andreozzi va por su primer t\u00edtulo de Masters 1000."},"content":{"rendered":"\n<h2 class=\"wp-block-heading\">El porte\u00f1o, junto a Manuel Guinard, buscar\u00e1 el logro m\u00e1s importante de su carrera este s\u00e1bado ante una dupla francesa.<\/h2>\n\n\n\n<p><strong>Guido Andreozzi<\/strong>\u00a0puede alcanzar este s\u00e1bado el pico m\u00e1ximo de su carrera. El tenista argentino de 34 a\u00f1os, en dupla con el franc\u00e9s\u00a0<strong>Manuel Guinard<\/strong>, se meti\u00f3 por primera vez en la final de un\u00a0<strong>Masters 1000<\/strong>\u00a0y buscar\u00e1 el t\u00edtulo m\u00e1s grande de su carrera cuando dispute la final de dobles de\u00a0<strong>Indian Wells<\/strong>.<\/p>\n\n\n\n<p>La gran definici\u00f3n del torneo californiano ser\u00e1 esta noche no antes de las 22:00 de Argentina frente a los primos franceses&nbsp;<strong>Arthur Rinderknech<\/strong>&nbsp;y&nbsp;<strong>Valentin Vacherot.<\/strong><\/p>\n\n\n\n<p>Andreozzi y Guinard dieron el golpe este viernes cuando se instalaron en el partido decisivo por el campeonato, tras derrotar a la pareja conformada por el argentino&nbsp;<strong>Horacio Zeballos<\/strong>&nbsp;y el espa\u00f1ol&nbsp;<strong>Marcel Granollers<\/strong>.<\/p>\n\n\n\n<p>El partido fue una verdadera batalla: perdieron el primer set en un tie-break largu\u00edsimo (6-7, 13-15), pero reaccionaron con autoridad para llevarse el segundo por 6-3 y definir todo en el super tie-break con un 10-5.<\/p>\n\n\n\n<p>Con este triunfo, Andreozzi no solo alcanz\u00f3 su primera final de Masters 1000, sino que adem\u00e1s escal\u00f3 hasta el&nbsp;<strong>puesto 21 del ranking de dobles<\/strong>, el mejor de su carrera. Hasta ahora, el argentino festej\u00f3 tres t\u00edtulos ATP en dobles (Umag, Buenos Aires y Bastad).<\/p>\n","protected":false},"excerpt":{"rendered":"<p>El porte\u00f1o, junto a Manuel Guinard, buscar\u00e1 el logro m\u00e1s importante de su carrera este s\u00e1bado ante una dupla francesa. Guido Andreozzi\u00a0puede alcanzar este s\u00e1bado el pico m\u00e1ximo de su&hellip; <\/p>\n","protected":false},"author":6,"featured_media":249313,"comment_status":"closed","ping_status":"open","sticky":false,"template":"","format":"standard","meta":{"footnotes":""},"categories":[4],"tags":[],"class_list":["post-249308","post","type-post","status-publish","format-standard","has-post-thumbnail","hentry","category-deportes"],"_links":{"self":[{"href":"https:\/\/corrientesdetarde.com\/index.php\/wp-json\/wp\/v2\/posts\/249308","targetHints":{"allow":["GET"]}}],"collection":[{"href":"https:\/\/corrientesdetarde.com\/index.php\/wp-json\/wp\/v2\/posts"}],"about":[{"href":"https:\/\/corrientesdetarde.com\/index.php\/wp-json\/wp\/v2\/types\/post"}],"author":[{"embeddable":true,"href":"https:\/\/corrientesdetarde.com\/index.php\/wp-json\/wp\/v2\/users\/6"}],"replies":[{"embeddable":true,"href":"https:\/\/corrientesdetarde.com\/index.php\/wp-json\/wp\/v2\/comments?post=249308"}],"version-history":[{"count":1,"href":"https:\/\/corrientesdetarde.com\/index.php\/wp-json\/wp\/v2\/posts\/249308\/revisions"}],"predecessor-version":[{"id":249314,"href":"https:\/\/corrientesdetarde.com\/index.php\/wp-json\/wp\/v2\/posts\/249308\/revisions\/249314"}],"wp:featuredmedia":[{"embeddable":true,"href":"https:\/\/corrientesdetarde.com\/index.php\/wp-json\/wp\/v2\/media\/249313"}],"wp:attachment":[{"href":"https:\/\/corrientesdetarde.com\/index.php\/wp-json\/wp\/v2\/media?parent=249308"}],"wp:term":[{"taxonomy":"category","embeddable":true,"href":"https:\/\/corrientesdetarde.com\/index.php\/wp-json\/wp\/v2\/categories?post=249308"},{"taxonomy":"post_tag","embeddable":true,"href":"https:\/\/corrientesdetarde.com\/index.php\/wp-json\/wp\/v2\/tags?post=249308"}],"curies":[{"name":"wp","href":"https:\/\/api.w.org\/{rel}","templated":true}]}}