{"id":249328,"date":"2026-03-14T16:20:58","date_gmt":"2026-03-14T19:20:58","guid":{"rendered":"https:\/\/corrientesdetarde.com\/?p=249328"},"modified":"2026-03-14T16:21:10","modified_gmt":"2026-03-14T19:21:10","slug":"este-lunes-16-comienza-el-pago-del-plus-con-aumento-y-la-diferencia-del-abonado-el-9","status":"publish","type":"post","link":"https:\/\/corrientesdetarde.com\/index.php\/destacados\/este-lunes-16-comienza-el-pago-del-plus-con-aumento-y-la-diferencia-del-abonado-el-9\/","title":{"rendered":"Este lunes 16 comienza el pago del plus con aumento y la diferencia del abonado el 9"},"content":{"rendered":"\n<p>El cronograma se extender\u00e1 hasta el mi\u00e9rcoles 18 con no bancarizados. El incremento salarial fue acordado el mi\u00e9rcoles en Mesa Paritaria y tiene aplicaci\u00f3n inmediata. Por eso ya se actualiza este segundo plus -el extraordinario- y, en simult\u00e1neo, tambi\u00e9n se ajusta el monto del primer pago efectuado previo a cerrarse el acuerdo.<\/p>\n\n\n\n<p>El mismo lunes 16 de marzo, los trabajadores de planta, contrato y los agentes Neike bancarizados tendr\u00e1n depositado en sus respectivas cuentas bancarias el pago del segundo plus del mes, m\u00e1s la diferencia del plus ordinario abonado el d\u00eda 9, que se ajustar\u00e1 as\u00ed a los nuevos valores. Dinero al que podr\u00e1n acceder a trav\u00e9s de los cajeros autom\u00e1ticos habilitados.<br>Por su parte, aquellos trabajadores Neike que no est\u00e1n bancarizados deber\u00e1n dirigirse a la Caja Municipal de Pr\u00e9stamos (CMP), en su sede central, ubicada en Brasil 1269. Los pagos se realizan de lunes a viernes, de 7:30 a 12:30 y de 16 a 20.<br>En este caso, el lunes 16 les corresponder\u00e1 cobrar a los trabajadores cuyos DNI terminen en 0, 1 y 2; el martes 17 continuar\u00e1 con documentos finalizados en 3, 4, 5 y 6. En tanto, el mi\u00e9rcoles 18 concluir\u00e1 con terminaci\u00f3n 7, 8 y 9.<br>En tanto, los Neike bancarizados que no poseen tarjeta de d\u00e9bito deber\u00e1n cobrar por ventanilla del Banco de Corrientes (sucursal Av. Teniente Ib\u00e1\u00f1ez 1826), de acuerdo con el cronograma detallado anteriormente, del lunes 16 al mi\u00e9rcoles 18.<\/p>\n\n\n\n<figure class=\"wp-block-image size-full\"><img loading=\"lazy\" decoding=\"async\" width=\"931\" height=\"511\" src=\"https:\/\/corrientesdetarde.com\/wp-content\/uploads\/2026\/03\/image-376.png\" alt=\"\" class=\"wp-image-249339\" srcset=\"https:\/\/corrientesdetarde.com\/wp-content\/uploads\/2026\/03\/image-376.png 931w, https:\/\/corrientesdetarde.com\/wp-content\/uploads\/2026\/03\/image-376-300x165.png 300w, https:\/\/corrientesdetarde.com\/wp-content\/uploads\/2026\/03\/image-376-768x422.png 768w\" sizes=\"auto, (max-width: 931px) 100vw, 931px\" \/><\/figure>\n\n\n\n<p><\/p>\n","protected":false},"excerpt":{"rendered":"<p>El cronograma se extender\u00e1 hasta el mi\u00e9rcoles 18 con no bancarizados. El incremento salarial fue acordado el mi\u00e9rcoles en Mesa Paritaria y tiene aplicaci\u00f3n inmediata. Por eso ya se actualiza&hellip; <\/p>\n","protected":false},"author":1,"featured_media":205377,"comment_status":"closed","ping_status":"open","sticky":false,"template":"","format":"standard","meta":{"footnotes":""},"categories":[26],"tags":[],"class_list":["post-249328","post","type-post","status-publish","format-standard","has-post-thumbnail","hentry","category-destacados"],"_links":{"self":[{"href":"https:\/\/corrientesdetarde.com\/index.php\/wp-json\/wp\/v2\/posts\/249328","targetHints":{"allow":["GET"]}}],"collection":[{"href":"https:\/\/corrientesdetarde.com\/index.php\/wp-json\/wp\/v2\/posts"}],"about":[{"href":"https:\/\/corrientesdetarde.com\/index.php\/wp-json\/wp\/v2\/types\/post"}],"author":[{"embeddable":true,"href":"https:\/\/corrientesdetarde.com\/index.php\/wp-json\/wp\/v2\/users\/1"}],"replies":[{"embeddable":true,"href":"https:\/\/corrientesdetarde.com\/index.php\/wp-json\/wp\/v2\/comments?post=249328"}],"version-history":[{"count":1,"href":"https:\/\/corrientesdetarde.com\/index.php\/wp-json\/wp\/v2\/posts\/249328\/revisions"}],"predecessor-version":[{"id":249340,"href":"https:\/\/corrientesdetarde.com\/index.php\/wp-json\/wp\/v2\/posts\/249328\/revisions\/249340"}],"wp:featuredmedia":[{"embeddable":true,"href":"https:\/\/corrientesdetarde.com\/index.php\/wp-json\/wp\/v2\/media\/205377"}],"wp:attachment":[{"href":"https:\/\/corrientesdetarde.com\/index.php\/wp-json\/wp\/v2\/media?parent=249328"}],"wp:term":[{"taxonomy":"category","embeddable":true,"href":"https:\/\/corrientesdetarde.com\/index.php\/wp-json\/wp\/v2\/categories?post=249328"},{"taxonomy":"post_tag","embeddable":true,"href":"https:\/\/corrientesdetarde.com\/index.php\/wp-json\/wp\/v2\/tags?post=249328"}],"curies":[{"name":"wp","href":"https:\/\/api.w.org\/{rel}","templated":true}]}}