{"id":249342,"date":"2026-03-15T00:01:23","date_gmt":"2026-03-15T03:01:23","guid":{"rendered":"https:\/\/corrientesdetarde.com\/?p=249342"},"modified":"2026-03-15T00:01:30","modified_gmt":"2026-03-15T03:01:30","slug":"jornada-de-comercializacion-de-la-oferta-turistica-correntina-en-el-trade-show-de-san-pablo","status":"publish","type":"post","link":"https:\/\/corrientesdetarde.com\/index.php\/informacion-general\/jornada-de-comercializacion-de-la-oferta-turistica-correntina-en-el-trade-show-de-san-pablo\/","title":{"rendered":"Jornada de comercializaci\u00f3n de la oferta tur\u00edstica correntina en el Trade Show de San Pablo"},"content":{"rendered":"\n<p>La provincia de Corrientes contin\u00faa exponiendo el potencial tur\u00edstico en la feria de pesca deportiva m\u00e1s imponente del Brasil. El Trade Show abri\u00f3 sus puertas el jueves 12 y se extender\u00e1 hasta el s\u00e1bado 14 de marzo en el complejo Anhemb\u00ed de la ciudad de San Pablo.<\/p>\n\n\n\n<p><\/p>\n\n\n\n<p>El Ministerio de Turismo dispone de un stand institucional para la promoci\u00f3n de la variada oferta tur\u00edstica, a partir de distintas acciones como sorteos y premios. Adem\u00e1s, se desarrollan encuestas a los visitantes considerando la potencialidad de nuestra provincia en materia de pesca deportiva con devoluci\u00f3n y el turismo de naturaleza.<\/p>\n\n\n\n<figure class=\"wp-block-image size-full\"><img loading=\"lazy\" decoding=\"async\" width=\"964\" height=\"669\" src=\"https:\/\/corrientesdetarde.com\/wp-content\/uploads\/2026\/03\/image-378.png\" alt=\"\" class=\"wp-image-249348\" srcset=\"https:\/\/corrientesdetarde.com\/wp-content\/uploads\/2026\/03\/image-378.png 964w, https:\/\/corrientesdetarde.com\/wp-content\/uploads\/2026\/03\/image-378-300x208.png 300w, https:\/\/corrientesdetarde.com\/wp-content\/uploads\/2026\/03\/image-378-768x533.png 768w\" sizes=\"auto, (max-width: 964px) 100vw, 964px\" \/><\/figure>\n\n\n\n<p>Por su parte, nuestros operadores tur\u00edsticos se encuentran desarrollando reuniones de trabajo y tomando contacto con sus pares de ese pa\u00eds con el prop\u00f3sito de ir incorporando en sus futuras agendas de viajes a la provincia de Corrientes. Para destacar la camarader\u00eda entre los prestadores de servicios quienes contemplan la posibilidad de trabajar de manera corporativa generando paquetes integrales en distintos puntos de la provincia.<\/p>\n\n\n\n<p>Es importante mencionar que el Estado de San Pablo registra alrededor de dos millones de pescadores deportivos destac\u00e1ndose tambi\u00e9n un alto porcentaje de mujeres que, cada a\u00f1o se incorporan a estos datos estad\u00edsticos ganando gran protagonismo como es el caso del grupo Anzuelo Rosa de alta participaci\u00f3n en el marco de la feria pesquera. &nbsp;<\/p>\n\n\n\n<p>Pesca &amp; Compa\u00f1\u00eda se halla celebrando sus 20 a\u00f1os de vida y en este sentido su organizador Marcelo Claro sostuvo que se trata de una edici\u00f3n especial. Precisamente, al momento de la apertura oficial agradeci\u00f3 el compromiso y acompa\u00f1amiento de empresas e instituciones donde hizo especial \u00e9nfasis en Corrientes, la \u00fanica provincia de Argentina en participar de la muestra del sector m\u00e1s concurrente de Latinoam\u00e9rica.<\/p>\n\n\n\n<p>Si bien a\u00fan resta una jornada de trabajo en el Trade Show, la mayor\u00eda de nuestros empresarios tur\u00edsticos coinciden en que esta presencia resulta muy positiva, resaltando adem\u00e1s la posibilidad que brinda el Gobierno de Corrientes para que el sector privado asista a ofrecer sus productos y servicios en uno de los mercados emisivos m\u00e1s importante de esta parte del planeta.<\/p>\n\n\n\n<p>Cabe mencionar que, en esta edici\u00f3n forman parte de la delegaci\u00f3n correntina autoridades de la Municipalidad de Concepci\u00f3n del Yaguaret\u00e9 Cor\u00e1 y de Paso de la Patria para promocionar sus destinos. En tanto que tambi\u00e9n lo hacen empresarios y operadores de Capital, Paso de la Patria, Yahap\u00e9, Empedrado, Mercedes, Esquina, Ituzaing\u00f3, Concepci\u00f3n e It\u00e1 Ibat\u00e9.&nbsp; &nbsp;<\/p>\n","protected":false},"excerpt":{"rendered":"<p>La provincia de Corrientes contin\u00faa exponiendo el potencial tur\u00edstico en la feria de pesca deportiva m\u00e1s imponente del Brasil. El Trade Show abri\u00f3 sus puertas el jueves 12 y se&hellip; <\/p>\n","protected":false},"author":1,"featured_media":249347,"comment_status":"closed","ping_status":"open","sticky":false,"template":"","format":"standard","meta":{"footnotes":""},"categories":[1],"tags":[],"class_list":["post-249342","post","type-post","status-publish","format-standard","has-post-thumbnail","hentry","category-informacion-general"],"_links":{"self":[{"href":"https:\/\/corrientesdetarde.com\/index.php\/wp-json\/wp\/v2\/posts\/249342","targetHints":{"allow":["GET"]}}],"collection":[{"href":"https:\/\/corrientesdetarde.com\/index.php\/wp-json\/wp\/v2\/posts"}],"about":[{"href":"https:\/\/corrientesdetarde.com\/index.php\/wp-json\/wp\/v2\/types\/post"}],"author":[{"embeddable":true,"href":"https:\/\/corrientesdetarde.com\/index.php\/wp-json\/wp\/v2\/users\/1"}],"replies":[{"embeddable":true,"href":"https:\/\/corrientesdetarde.com\/index.php\/wp-json\/wp\/v2\/comments?post=249342"}],"version-history":[{"count":1,"href":"https:\/\/corrientesdetarde.com\/index.php\/wp-json\/wp\/v2\/posts\/249342\/revisions"}],"predecessor-version":[{"id":249349,"href":"https:\/\/corrientesdetarde.com\/index.php\/wp-json\/wp\/v2\/posts\/249342\/revisions\/249349"}],"wp:featuredmedia":[{"embeddable":true,"href":"https:\/\/corrientesdetarde.com\/index.php\/wp-json\/wp\/v2\/media\/249347"}],"wp:attachment":[{"href":"https:\/\/corrientesdetarde.com\/index.php\/wp-json\/wp\/v2\/media?parent=249342"}],"wp:term":[{"taxonomy":"category","embeddable":true,"href":"https:\/\/corrientesdetarde.com\/index.php\/wp-json\/wp\/v2\/categories?post=249342"},{"taxonomy":"post_tag","embeddable":true,"href":"https:\/\/corrientesdetarde.com\/index.php\/wp-json\/wp\/v2\/tags?post=249342"}],"curies":[{"name":"wp","href":"https:\/\/api.w.org\/{rel}","templated":true}]}}