{"id":249343,"date":"2026-03-15T00:00:06","date_gmt":"2026-03-15T03:00:06","guid":{"rendered":"https:\/\/corrientesdetarde.com\/?p=249343"},"modified":"2026-03-15T00:00:13","modified_gmt":"2026-03-15T03:00:13","slug":"circulaba-sin-frenos-y-protagonizo-un-grave-accidente-dos-personas-heridas","status":"publish","type":"post","link":"https:\/\/corrientesdetarde.com\/index.php\/policiales\/circulaba-sin-frenos-y-protagonizo-un-grave-accidente-dos-personas-heridas\/","title":{"rendered":"Circulaba sin frenos y protagoniz\u00f3 un grave accidente: dos personas heridas"},"content":{"rendered":"\n<p>Un fuerte choque entre un autom\u00f3vil y una motocicleta conmocion\u00f3 a la ciudad este s\u00e1bado al mediod\u00eda en la localidad corretina de Santo Tom\u00e9. Como consecuencia del impacto, dos personas resultaron heridas, una de ellas de gravedad, y el conductor del veh\u00edculo mayor fue aprehendido por disposici\u00f3n de la Justicia. Fue en el Barrio Tablada. Tambi\u00e9n se vi\u00f3 involucrado un tercer autom\u00f3vil que estaba estacionado a metros del lugar del accidente y que fue impactado por el rodado que atropell\u00f3 a la motocicleta.<\/p>\n\n\n\n<p>El siniestro se registr\u00f3 en el cruce de las calles Escalada y Roque S\u00e1enz Pe\u00f1a. Seg\u00fan informaron fuentes policiales, un autom\u00f3vil colision\u00f3 contra una motocicleta de 125cc en la que circulaban una mujer y su hija de 7 a\u00f1os.<\/p>\n\n\n\n<p>Tras el impacto y tras haberse puesto en conocimiento de las autoridades policiales de la Comisaria Segunda, ambas ocupantes de la moto fueron trasladadas de urgencia al hospital local. El parte m\u00e9dico preliminar detall\u00f3 que la menor presenta politraumatismos, mientras que su madre sufri\u00f3 un Traumatismo Enc\u00e9falo Craneal (TEC) grave, por lo que su estado es delicado y en horas de la media tarde se evaluaba su derivaci\u00f3n a un centro de mayor complejidad a la ciudad de Corrientes.<\/p>\n\n\n\n<p>Fuente calificadas se\u00f1alaron que en el lugar trabajaron peritos de la Policia de Corrientes, quienes realizaron las tareas de rigor para determinar las causas del accidente. Seg\u00fan los primeros informes periciales, el motoveh\u00edculo en el que viajaban las v\u00edctimas, aparentemente no tendr\u00eda los frenos en condiciones para poder circular.<\/p>\n\n\n\n<p>Por orden del fiscal en turno, el conductor del autom\u00f3vil, Pedro Antonio Pawluk, fue aprehendido en el lugar mientras se sustancia la investigaci\u00f3n. La polic\u00eda contin\u00faa con las tareas administrativas y el peritaje definitivo para deslindar responsabilidades en el hecho.<\/p>\n","protected":false},"excerpt":{"rendered":"<p>Un fuerte choque entre un autom\u00f3vil y una motocicleta conmocion\u00f3 a la ciudad este s\u00e1bado al mediod\u00eda en la localidad corretina de Santo Tom\u00e9. Como consecuencia del impacto, dos personas&hellip; <\/p>\n","protected":false},"author":1,"featured_media":183100,"comment_status":"closed","ping_status":"open","sticky":false,"template":"","format":"standard","meta":{"footnotes":""},"categories":[33],"tags":[],"class_list":["post-249343","post","type-post","status-publish","format-standard","has-post-thumbnail","hentry","category-policiales"],"_links":{"self":[{"href":"https:\/\/corrientesdetarde.com\/index.php\/wp-json\/wp\/v2\/posts\/249343","targetHints":{"allow":["GET"]}}],"collection":[{"href":"https:\/\/corrientesdetarde.com\/index.php\/wp-json\/wp\/v2\/posts"}],"about":[{"href":"https:\/\/corrientesdetarde.com\/index.php\/wp-json\/wp\/v2\/types\/post"}],"author":[{"embeddable":true,"href":"https:\/\/corrientesdetarde.com\/index.php\/wp-json\/wp\/v2\/users\/1"}],"replies":[{"embeddable":true,"href":"https:\/\/corrientesdetarde.com\/index.php\/wp-json\/wp\/v2\/comments?post=249343"}],"version-history":[{"count":1,"href":"https:\/\/corrientesdetarde.com\/index.php\/wp-json\/wp\/v2\/posts\/249343\/revisions"}],"predecessor-version":[{"id":249346,"href":"https:\/\/corrientesdetarde.com\/index.php\/wp-json\/wp\/v2\/posts\/249343\/revisions\/249346"}],"wp:featuredmedia":[{"embeddable":true,"href":"https:\/\/corrientesdetarde.com\/index.php\/wp-json\/wp\/v2\/media\/183100"}],"wp:attachment":[{"href":"https:\/\/corrientesdetarde.com\/index.php\/wp-json\/wp\/v2\/media?parent=249343"}],"wp:term":[{"taxonomy":"category","embeddable":true,"href":"https:\/\/corrientesdetarde.com\/index.php\/wp-json\/wp\/v2\/categories?post=249343"},{"taxonomy":"post_tag","embeddable":true,"href":"https:\/\/corrientesdetarde.com\/index.php\/wp-json\/wp\/v2\/tags?post=249343"}],"curies":[{"name":"wp","href":"https:\/\/api.w.org\/{rel}","templated":true}]}}