{"id":249344,"date":"2026-03-14T23:58:47","date_gmt":"2026-03-15T02:58:47","guid":{"rendered":"https:\/\/corrientesdetarde.com\/?p=249344"},"modified":"2026-03-14T23:58:53","modified_gmt":"2026-03-15T02:58:53","slug":"tiene-fecha-la-audiencia-publica-para-el-segundo-puente-chaco-corrientes","status":"publish","type":"post","link":"https:\/\/corrientesdetarde.com\/index.php\/locales\/tiene-fecha-la-audiencia-publica-para-el-segundo-puente-chaco-corrientes\/","title":{"rendered":"Tiene fecha la audiencia p\u00fablica para el segundo puente Chaco-Corrientes"},"content":{"rendered":"\n<p>El Instituto Correntino del Agua y del Ambiente (Icaa) convoc\u00f3 a una audiencia para debatir sobre el impacto ambiental de la futura del proyecto \u201cConexi\u00f3n F\u00edsica entre Chaco y Corrientes variantes de paso ciudad de Resistencia (Chaco) y Corrientes (Corrientes)\u201d.<br>El debate se realizar\u00e1 el 8 de abril a las 9 \u00a0en el Auditorio de la Facultad de Derecho y Cs Sociales y Pol\u00edticas de la Unne, situada en la calle Salta 459 de la ciudad de Corrientes.<br>Los interesados podr\u00e1n tomar vista del Documento S\u00edntesis de la documentaci\u00f3n obrante en el expedient que contiene el Estudio de Impacto Ambiental (EsIA) que se somete a consulta, a partir del d\u00eda 18 de marzo de 2026 y hasta el 06 de abril de 2026 en los horarios 6 de 8 a 12:30 hs en la sede del Icaa y en la Direcci\u00f3n Nacional de Vialidad<br>El documento tambi\u00e9n estar\u00e1 disponible en la p\u00e1gina web de la Direcci\u00f3n Vialidad Nacional de (https:\/\/www.argentina.gob.ar\/obras-publicas\/vialidad-nacional\/convocatoria-para-espacios-participativos).<br>Los interesados en efectuar exposiciones orales durante el desarrollo de la audiencia p\u00fablica \u00a0deber\u00e1n cumplir con los siguientes requisitos: Inscripci\u00f3n previa en el Registro habilitado a tal efecto, presentaci\u00f3n por escrito de un informe qu\u00e9 refleje el inter\u00e9s particular en el proyecto y contenido de la exposici\u00f3n a efectuar, el que deber\u00e1 presentarse con antelaci\u00f3n al cierre del Registro de Participantes, Informar si act\u00faa en representaci\u00f3n, en cuyo caso deber\u00e1 acreditar Personer\u00eda Jur\u00eddica mediante el instrumento legal correspondiente. Podr\u00e1 acompa\u00f1ar toda otra documentaci\u00f3n relacionada con el objeto de la Audiencia Publica Ambiental.<br>El formulario para inscribirse en el Registro de Participantes estar\u00e1 disponible en \u00a0la sede del Icaa y Vialidad Nacional hasta el d\u00eda 06 de abril de 2026. Para presenciar la audiencia p\u00fablica no se requiere inscripci\u00f3n en el Registro de Participantes.<br>\u00a0Concluida la audiencia publica, el \u00e1rea de Implementaci\u00f3n del Icaa elevar\u00e1 a la Administraci\u00f3n General del Instituto Correntino del Agua y del Ambiente, en el plazo de 10 d\u00edas desde la finalizaci\u00f3n de la audiencia, un informe de cierre.<br>Asimismo, el administrador general del Icaa proceder\u00e1 a adoptar la resoluci\u00f3n final sobre la cuesti\u00f3n puesta en consulta.\u00a0<br>Dicha posici\u00f3n se agregar\u00e1 a las actuaciones administrativas y se publicar\u00e1 en el sitio de Internet del Icaa.<br>La audiencia corresponde a un paso obligado que el Gobierno de Corrientes aplaz\u00f3 por un a\u00f1o. As\u00ed lohab\u00eda \u00a0dispuesto el gobernador Gustavo Vald\u00e9s mediante el Decreto N\u00ba 26 del 20 de enero de 2025, a trav\u00e9s del cual el mandatario provincial aprobaba la Resoluci\u00f3n 001\/2025 del Instituto Correntino del Agua y el Ambiente, que establec\u00eda \u201cdiferir\u201d por un a\u00f1o, la audiencia p\u00fablica y la presentaci\u00f3n de documentaci\u00f3n sobre el Proyecto Ejecutivo y Plan de Trabajo para el Segundo Puente Chaco-Corrientes.\u00a0<br>En ese entonces fue Guillermo Francos, jefe de Gabinete, quien comunic\u00f3 esta situaci\u00f3n a los legisladores nacionales, de que la administraci\u00f3n no otorg\u00f3 la licencia ambiental, fundamental para avanzar con el proyecto de obra. \u201cEl Gobierno de la Provincia de Corrientes no entreg\u00f3 documentaciones necesarias para que avan\u201dce el proyecto ejecutivo del Segundo Puente interprovincial con la provincia del Chaco\u201d, hab\u00edan se\u00f1alado desde el Gobierno libertario en diciembre del a\u00f1o pasado. Adem\u00e1s, se inform\u00f3 que el cr\u00e9dito otorgado por el Banco Interamericano de Desarollo (BID) se extendi\u00f3.\u00a0<br>En noviembre de 2023, durante la gesti\u00f3n nacional anterior, el directorio del BID hab\u00eda aprobado el financiamiento de esta gran obra de infraestructura en un 77%. No obstante ello, en las normativas el Icaa responsabiliz\u00f3 a la consultora privada, que evalu\u00f3 el proyecto ejecutivo, y a la Direcci\u00f3n Nacional de Vialidad (DNV) de hacer \u201crequerimientos complementarios para la aprobaci\u00f3n del proyecto, los cuales a la fecha no han sido presentados. Como as\u00ed tambi\u00e9n se ha remarcado en las reiteradas comunicaciones que la audiencia p\u00fablica debe realizarse en la zona donde se emplazar\u00e1 el proyecto\u201d.<\/p>\n","protected":false},"excerpt":{"rendered":"<p>El Instituto Correntino del Agua y del Ambiente (Icaa) convoc\u00f3 a una audiencia para debatir sobre el impacto ambiental de la futura del proyecto \u201cConexi\u00f3n F\u00edsica entre Chaco y Corrientes&hellip; <\/p>\n","protected":false},"author":1,"featured_media":136669,"comment_status":"closed","ping_status":"open","sticky":false,"template":"","format":"standard","meta":{"footnotes":""},"categories":[8],"tags":[],"class_list":["post-249344","post","type-post","status-publish","format-standard","has-post-thumbnail","hentry","category-locales"],"_links":{"self":[{"href":"https:\/\/corrientesdetarde.com\/index.php\/wp-json\/wp\/v2\/posts\/249344","targetHints":{"allow":["GET"]}}],"collection":[{"href":"https:\/\/corrientesdetarde.com\/index.php\/wp-json\/wp\/v2\/posts"}],"about":[{"href":"https:\/\/corrientesdetarde.com\/index.php\/wp-json\/wp\/v2\/types\/post"}],"author":[{"embeddable":true,"href":"https:\/\/corrientesdetarde.com\/index.php\/wp-json\/wp\/v2\/users\/1"}],"replies":[{"embeddable":true,"href":"https:\/\/corrientesdetarde.com\/index.php\/wp-json\/wp\/v2\/comments?post=249344"}],"version-history":[{"count":1,"href":"https:\/\/corrientesdetarde.com\/index.php\/wp-json\/wp\/v2\/posts\/249344\/revisions"}],"predecessor-version":[{"id":249345,"href":"https:\/\/corrientesdetarde.com\/index.php\/wp-json\/wp\/v2\/posts\/249344\/revisions\/249345"}],"wp:featuredmedia":[{"embeddable":true,"href":"https:\/\/corrientesdetarde.com\/index.php\/wp-json\/wp\/v2\/media\/136669"}],"wp:attachment":[{"href":"https:\/\/corrientesdetarde.com\/index.php\/wp-json\/wp\/v2\/media?parent=249344"}],"wp:term":[{"taxonomy":"category","embeddable":true,"href":"https:\/\/corrientesdetarde.com\/index.php\/wp-json\/wp\/v2\/categories?post=249344"},{"taxonomy":"post_tag","embeddable":true,"href":"https:\/\/corrientesdetarde.com\/index.php\/wp-json\/wp\/v2\/tags?post=249344"}],"curies":[{"name":"wp","href":"https:\/\/api.w.org\/{rel}","templated":true}]}}