{"id":24935,"date":"2022-12-04T09:17:18","date_gmt":"2022-12-04T12:17:18","guid":{"rendered":"https:\/\/corrientesdetarde.com\/?p=24935"},"modified":"2022-12-04T09:17:22","modified_gmt":"2022-12-04T12:17:22","slug":"conductor-alcoholizado-a-bordo-de-una-camioneta-evadio-un-control-policial-y-quedo-detenido","status":"publish","type":"post","link":"https:\/\/corrientesdetarde.com\/index.php\/crimen-y-justicia\/conductor-alcoholizado-a-bordo-de-una-camioneta-evadio-un-control-policial-y-quedo-detenido\/","title":{"rendered":"Conductor alcoholizado a bordo de una camioneta evadi\u00f3 un control policial y qued\u00f3 detenido"},"content":{"rendered":"\n<p>Ocurri\u00f3 en Pl\u00e1cido Mart\u00ednez y Espa\u00f1a.<\/p>\n\n\n\n<p>Esta madrugada, efectivos del Grupo de Respuesta Inmediata Motorizada N\u00b03 GRIM III, en cercan\u00edas a calle Pl\u00e1cido Mart\u00ednez, observaron a una camioneta a gran velocidad y detr\u00e1s una motocicleta de tr\u00e1nsito municipal, la cual solicit\u00f3 colaboraci\u00f3n y tras unas cuadras, procedieron a la demora del rodado, cuyo conductor se encontraba en aparente estado de ebriedad y hab\u00eda evadido un control.<\/p>\n\n\n\n<p>El procedimiento lo concretaron cerca de las 4 de la madrugada, cuando por calle Pl\u00e1cido Mart\u00ednez e intersecci\u00f3n con calle Espa\u00f1a, observaron la acci\u00f3n mencionada y tras una corta persecuci\u00f3n, lograron detener la marcha de una camioneta \u2013marca DODGE RAM-; conducido por un hombre de 38 a\u00f1os de edad, el cual no habr\u00eda acatado las indicaciones de inspectores de tr\u00e1nsito.<\/p>\n\n\n\n<figure class=\"wp-block-image\"><img decoding=\"async\" src=\"https:\/\/www.lt7noticias.com\/content\/bucket\/1\/38221w770h1370c.jpg.webp\" alt=\"\"\/><\/figure>\n\n\n\n<p>Tras realiz\u00e1rsele el correspondiente control de alcoholemia, se comprob\u00f3 que hab\u00eda excedido lo permitido.<\/p>\n\n\n\n<p>Al respecto, el conductor fue demorado y trasladado a la Comisar\u00eda Cuarta a fin de proseguir con los tr\u00e1mites que corresponden, en tanto, personal de tr\u00e1nsito municipal procedi\u00f3 al retiro de la v\u00eda p\u00fablica del rodado en cuesti\u00f3n.<\/p>\n","protected":false},"excerpt":{"rendered":"<p>Ocurri\u00f3 en Pl\u00e1cido Mart\u00ednez y Espa\u00f1a. Esta madrugada, efectivos del Grupo de Respuesta Inmediata Motorizada N\u00b03 GRIM III, en cercan\u00edas a calle Pl\u00e1cido Mart\u00ednez, observaron a una camioneta a gran&hellip; <\/p>\n","protected":false},"author":4,"featured_media":24939,"comment_status":"closed","ping_status":"open","sticky":false,"template":"","format":"standard","meta":{"footnotes":""},"categories":[5],"tags":[],"class_list":["post-24935","post","type-post","status-publish","format-standard","has-post-thumbnail","hentry","category-crimen-y-justicia"],"_links":{"self":[{"href":"https:\/\/corrientesdetarde.com\/index.php\/wp-json\/wp\/v2\/posts\/24935","targetHints":{"allow":["GET"]}}],"collection":[{"href":"https:\/\/corrientesdetarde.com\/index.php\/wp-json\/wp\/v2\/posts"}],"about":[{"href":"https:\/\/corrientesdetarde.com\/index.php\/wp-json\/wp\/v2\/types\/post"}],"author":[{"embeddable":true,"href":"https:\/\/corrientesdetarde.com\/index.php\/wp-json\/wp\/v2\/users\/4"}],"replies":[{"embeddable":true,"href":"https:\/\/corrientesdetarde.com\/index.php\/wp-json\/wp\/v2\/comments?post=24935"}],"version-history":[{"count":1,"href":"https:\/\/corrientesdetarde.com\/index.php\/wp-json\/wp\/v2\/posts\/24935\/revisions"}],"predecessor-version":[{"id":24940,"href":"https:\/\/corrientesdetarde.com\/index.php\/wp-json\/wp\/v2\/posts\/24935\/revisions\/24940"}],"wp:featuredmedia":[{"embeddable":true,"href":"https:\/\/corrientesdetarde.com\/index.php\/wp-json\/wp\/v2\/media\/24939"}],"wp:attachment":[{"href":"https:\/\/corrientesdetarde.com\/index.php\/wp-json\/wp\/v2\/media?parent=24935"}],"wp:term":[{"taxonomy":"category","embeddable":true,"href":"https:\/\/corrientesdetarde.com\/index.php\/wp-json\/wp\/v2\/categories?post=24935"},{"taxonomy":"post_tag","embeddable":true,"href":"https:\/\/corrientesdetarde.com\/index.php\/wp-json\/wp\/v2\/tags?post=24935"}],"curies":[{"name":"wp","href":"https:\/\/api.w.org\/{rel}","templated":true}]}}