{"id":24936,"date":"2022-12-04T09:10:32","date_gmt":"2022-12-04T12:10:32","guid":{"rendered":"https:\/\/corrientesdetarde.com\/?p=24936"},"modified":"2022-12-04T09:10:36","modified_gmt":"2022-12-04T12:10:36","slug":"tres-personas-fueron-detenidas-por-otro-caso-de-abigeato-en-corrientes","status":"publish","type":"post","link":"https:\/\/corrientesdetarde.com\/index.php\/crimen-y-justicia\/tres-personas-fueron-detenidas-por-otro-caso-de-abigeato-en-corrientes\/","title":{"rendered":"Tres personas fueron detenidas por otro caso de abigeato en Corrientes"},"content":{"rendered":"\n<p>Los polic\u00edas secuestraron un animal, cortes de carne y un veh\u00edculo.<\/p>\n\n\n\n<p>Un operativo realizado este viernes por personal de la Comisaria de Villa Olivari, termin\u00f3 en el secuestro preventivo de un animal vacuno y varios cortes c\u00e1rnicos, adem\u00e1s de una camioneta y otros elementos. Hay tres hombres detenidos.<\/p>\n\n\n\n<p>Ocurri\u00f3 cerca de las 00:30 horas, por un camino con su acceso en el kil\u00f3metro 1.223 de la Ruta Nacional N\u00b012, lugar donde procedieron a detener la marcha de una camioneta marca Ford Ranger doble cabina, en la cual se desplazaban tres hombres.<\/p>\n\n\n\n<p>Al inspeccionar la parte trasera del rodado observaron un ternero de un mes con vida y varios bultos de bolsas de nailon con varios cortes c\u00e1rnicos.<\/p>\n\n\n\n<figure class=\"wp-block-image\"><img decoding=\"async\" src=\"https:\/\/www.lt7noticias.com\/content\/bucket\/3\/38213w770h1027c.jpg.webp\" alt=\"\"\/><\/figure>\n\n\n\n<p>Con intervenci\u00f3n de la Unidad fiscal, fueron trasladados a la Comisaria Villa Olivari, el veh\u00edculo automotor y los demorados.<\/p>\n\n\n\n<p>Entre los elementos se secuestr\u00f3: un ternero de un mes con vida, varios cortes c\u00e1rnicos de reciente faena y otros elementos que fueron utilizados para consumar el hecho.<\/p>\n","protected":false},"excerpt":{"rendered":"<p>Los polic\u00edas secuestraron un animal, cortes de carne y un veh\u00edculo. Un operativo realizado este viernes por personal de la Comisaria de Villa Olivari, termin\u00f3 en el secuestro preventivo de&hellip; <\/p>\n","protected":false},"author":4,"featured_media":24937,"comment_status":"closed","ping_status":"open","sticky":false,"template":"","format":"standard","meta":{"footnotes":""},"categories":[5],"tags":[],"class_list":["post-24936","post","type-post","status-publish","format-standard","has-post-thumbnail","hentry","category-crimen-y-justicia"],"_links":{"self":[{"href":"https:\/\/corrientesdetarde.com\/index.php\/wp-json\/wp\/v2\/posts\/24936","targetHints":{"allow":["GET"]}}],"collection":[{"href":"https:\/\/corrientesdetarde.com\/index.php\/wp-json\/wp\/v2\/posts"}],"about":[{"href":"https:\/\/corrientesdetarde.com\/index.php\/wp-json\/wp\/v2\/types\/post"}],"author":[{"embeddable":true,"href":"https:\/\/corrientesdetarde.com\/index.php\/wp-json\/wp\/v2\/users\/4"}],"replies":[{"embeddable":true,"href":"https:\/\/corrientesdetarde.com\/index.php\/wp-json\/wp\/v2\/comments?post=24936"}],"version-history":[{"count":1,"href":"https:\/\/corrientesdetarde.com\/index.php\/wp-json\/wp\/v2\/posts\/24936\/revisions"}],"predecessor-version":[{"id":24938,"href":"https:\/\/corrientesdetarde.com\/index.php\/wp-json\/wp\/v2\/posts\/24936\/revisions\/24938"}],"wp:featuredmedia":[{"embeddable":true,"href":"https:\/\/corrientesdetarde.com\/index.php\/wp-json\/wp\/v2\/media\/24937"}],"wp:attachment":[{"href":"https:\/\/corrientesdetarde.com\/index.php\/wp-json\/wp\/v2\/media?parent=24936"}],"wp:term":[{"taxonomy":"category","embeddable":true,"href":"https:\/\/corrientesdetarde.com\/index.php\/wp-json\/wp\/v2\/categories?post=24936"},{"taxonomy":"post_tag","embeddable":true,"href":"https:\/\/corrientesdetarde.com\/index.php\/wp-json\/wp\/v2\/tags?post=24936"}],"curies":[{"name":"wp","href":"https:\/\/api.w.org\/{rel}","templated":true}]}}