{"id":24941,"date":"2022-12-04T09:34:59","date_gmt":"2022-12-04T12:34:59","guid":{"rendered":"https:\/\/corrientesdetarde.com\/?p=24941"},"modified":"2022-12-04T09:35:02","modified_gmt":"2022-12-04T12:35:02","slug":"actividades-gratuitas-en-el-centro-cultural-universitario-de-la-unne","status":"publish","type":"post","link":"https:\/\/corrientesdetarde.com\/index.php\/cultura\/actividades-gratuitas-en-el-centro-cultural-universitario-de-la-unne\/","title":{"rendered":"Actividades gratuitas en el Centro Cultural Universitario de la Unne"},"content":{"rendered":"\n<p>En el contexto de la exposici\u00f3n \u201cCCU 2022. Un espacio de procesos\u201d que se encuentra en la Sala del Sol (C\u00f3rdoba esquina 9 de Julio) el Centro Cultural Universitario de la Unne propone esta semana una serie de actividades abiertas y gratuitas para toda la comunidad.<\/p>\n\n\n\n<p>El lunes 5 a las 19 tendr\u00e1 lugar el Taller de Lectura de Autores del Bibliobar 2023. El martes 6 a las 17 una jornada de visibilizaci\u00f3n de la LSA y la cultura sorda que se repite el mi\u00e9rcoles a la misma hora.<\/p>\n\n\n\n<p>El martes tambi\u00e9n ser\u00e1 la presentaci\u00f3n del taller literario Koey\u00fa, a cargo de la profesora Adriana Linares. Ser\u00e1n las lecturas de los escritos de sus alumnos que realizaron durante todo el a\u00f1o.<\/p>\n\n\n\n<p>El mi\u00e9rcoles 7 a las 19.30 ser\u00e1 el turno de las lecturas de autor, parte 2, del taller literario Queserraye, a cargo del profesor Mat\u00edas Carmagnola. Lectura de textos literarios en la voz de sus autorxs: Rosario Marassi, &nbsp;Ail\u00edn Zamudio, Carlos Flores, Andrea Nu\u00f1ez, Esteban Parra y C\u00e9sar Navias.<\/p>\n\n\n\n<p>\u201cCCU 2022. Un espacio de procesos\u201d es una muestra colectiva que re\u00fane las b\u00fasquedas y posibilidades de aprendizaje y descubrimiento que permiten los cursos y talleres.<\/p>\n\n\n\n<p>Los talleres y cursos que participan son talleres de dibujo y pintura, coro, m\u00fasica popular, teatro, danzas folcl\u00f3ricas, tango, taller literario Koey\u00fa, taller literario Queserraye. Cursos: Lengua de Se\u00f1as Argentina, cer\u00e1mica, oratoria, lenguaje y emoci\u00f3n, curso de ceremonial y protocolo.<\/p>\n\n\n\n<p>Se puede visitar de lunes a viernes de 9 a 12 y de 17 a 20, hasta el 16 de diciembre. Paralelamente habr\u00e1 una serie de presentaciones, talleres y clases abiertas y gratuitas donde el p\u00fablico podr\u00e1 ver el trabajo realizado en el a\u00f1o y para sumarse, si quiere, el a\u00f1o que viene.<\/p>\n","protected":false},"excerpt":{"rendered":"<p>En el contexto de la exposici\u00f3n \u201cCCU 2022. Un espacio de procesos\u201d que se encuentra en la Sala del Sol (C\u00f3rdoba esquina 9 de Julio) el Centro Cultural Universitario de&hellip; <\/p>\n","protected":false},"author":4,"featured_media":24943,"comment_status":"closed","ping_status":"open","sticky":false,"template":"","format":"standard","meta":{"footnotes":""},"categories":[15],"tags":[],"class_list":["post-24941","post","type-post","status-publish","format-standard","has-post-thumbnail","hentry","category-cultura"],"_links":{"self":[{"href":"https:\/\/corrientesdetarde.com\/index.php\/wp-json\/wp\/v2\/posts\/24941","targetHints":{"allow":["GET"]}}],"collection":[{"href":"https:\/\/corrientesdetarde.com\/index.php\/wp-json\/wp\/v2\/posts"}],"about":[{"href":"https:\/\/corrientesdetarde.com\/index.php\/wp-json\/wp\/v2\/types\/post"}],"author":[{"embeddable":true,"href":"https:\/\/corrientesdetarde.com\/index.php\/wp-json\/wp\/v2\/users\/4"}],"replies":[{"embeddable":true,"href":"https:\/\/corrientesdetarde.com\/index.php\/wp-json\/wp\/v2\/comments?post=24941"}],"version-history":[{"count":1,"href":"https:\/\/corrientesdetarde.com\/index.php\/wp-json\/wp\/v2\/posts\/24941\/revisions"}],"predecessor-version":[{"id":24944,"href":"https:\/\/corrientesdetarde.com\/index.php\/wp-json\/wp\/v2\/posts\/24941\/revisions\/24944"}],"wp:featuredmedia":[{"embeddable":true,"href":"https:\/\/corrientesdetarde.com\/index.php\/wp-json\/wp\/v2\/media\/24943"}],"wp:attachment":[{"href":"https:\/\/corrientesdetarde.com\/index.php\/wp-json\/wp\/v2\/media?parent=24941"}],"wp:term":[{"taxonomy":"category","embeddable":true,"href":"https:\/\/corrientesdetarde.com\/index.php\/wp-json\/wp\/v2\/categories?post=24941"},{"taxonomy":"post_tag","embeddable":true,"href":"https:\/\/corrientesdetarde.com\/index.php\/wp-json\/wp\/v2\/tags?post=24941"}],"curies":[{"name":"wp","href":"https:\/\/api.w.org\/{rel}","templated":true}]}}