{"id":249410,"date":"2026-03-15T22:54:04","date_gmt":"2026-03-16T01:54:04","guid":{"rendered":"https:\/\/corrientesdetarde.com\/?p=249410"},"modified":"2026-03-15T22:54:09","modified_gmt":"2026-03-16T01:54:09","slug":"corrientes-tendra-una-semana-calurosa-con-temperaturas-de-hasta-36-grados","status":"publish","type":"post","link":"https:\/\/corrientesdetarde.com\/index.php\/actualidad\/corrientes-tendra-una-semana-calurosa-con-temperaturas-de-hasta-36-grados\/","title":{"rendered":"Corrientes tendr\u00e1 una semana calurosa con temperaturas de hasta 36 grados"},"content":{"rendered":"\n<p>El Servicio Meteorol\u00f3gico Nacional&nbsp;inform\u00f3 que la ciudad atravesar\u00e1 jornadas de calor en los pr\u00f3ximos d\u00edas. Si bien se prev\u00e9 la llegada de lluvias aisladas, no se espera un alivio t\u00e9rmico significativo, manteniendo el ambiente sofocante en todo el territorio capitalino.<\/p>\n\n\n\n<p>La semana comienza con una tendencia de altas temperaturas que no dar\u00e1 tregua en la\u00a0<strong>ciudad de Corrientes<\/strong>, seg\u00fan el\u00a0<strong>Servicio Meteorol\u00f3gico Nacional.<\/strong><\/p>\n\n\n\n<p>Para lo que resta de este domingo&nbsp;se anticipa una tarde intensa con una&nbsp;<strong>temperatura m\u00e1xima<\/strong>&nbsp;que alcanzar\u00e1 los&nbsp;<strong>36\u00b0C<\/strong>, marcando el inicio de un per\u00edodo de calor persistente.<\/p>\n\n\n\n<h2 class=\"wp-block-heading\">Pron\u00f3stico extendido<\/h2>\n\n\n\n<p>El reporte meteorol\u00f3gico indica que las condiciones se mantendr\u00e1n inestables, aunque sin un frente fr\u00edo que logre bajar los registros t\u00e9rmicos:<\/p>\n\n\n\n<ul class=\"wp-block-list\">\n<li><strong>Lunes 16:<\/strong>\u00a0se espera un cielo mayormente nublado. Las marcas t\u00e9rmicas oscilar\u00e1n entre una m\u00ednima de 24\u00b0C y una m\u00e1xima de\u00a0<strong>33\u00b0C<\/strong>.<\/li>\n\n\n\n<li><strong>Martes 17:<\/strong>\u00a0la inestabilidad ser\u00e1 la protagonista, con probabilidad de\u00a0<strong>tormentas aisladas<\/strong>\u00a0durante toda la jornada. A pesar de las precipitaciones, el calor seguir\u00e1 siendo agobiante, con una temperatura m\u00e1xima prevista de\u00a0<strong>35\u00b0C<\/strong>.<\/li>\n<\/ul>\n\n\n\n<h2 class=\"wp-block-heading\">Recomendaciones ante el calor extremo<\/h2>\n\n\n\n<p>Dadas las previsiones que indican que el calor se mantendr\u00e1 elevado durante varios d\u00edas, los especialistas en salud recomiendan a la poblaci\u00f3n:<\/p>\n\n\n\n<ul class=\"wp-block-list\">\n<li><strong>Hidrataci\u00f3n:<\/strong>\u00a0aumentar el consumo de agua segura.<\/li>\n\n\n\n<li><strong>Exposici\u00f3n solar:<\/strong>\u00a0evitar realizar actividades f\u00edsicas o permanecer bajo el sol directo entre las 11:00 y las 17:00 horas.<\/li>\n\n\n\n<li><strong>Indumentaria:<\/strong>\u00a0utilizar ropa ligera, clara y proteger la cabeza con gorros o sombreros si es necesario estar al aire libre.<\/li>\n\n\n\n<li><strong>Grupos de riesgo:<\/strong>\u00a0prestar especial atenci\u00f3n a adultos mayores, ni\u00f1os y personas con enfermedades cr\u00f3nicas, quienes son m\u00e1s vulnerables ante golpes de calor.<\/li>\n<\/ul>\n\n\n\n<p>El SMN contin\u00faa monitoreando la evoluci\u00f3n de las&nbsp;<strong>tormentas aisladas<\/strong>&nbsp;para determinar si las mismas podr\u00edan traer un descenso de temperatura hacia el final de la semana, aunque, por el momento, el pron\u00f3stico extendido sugiere la persistencia del ambiente c\u00e1lido y h\u00famedo en toda la regi\u00f3n.<\/p>\n","protected":false},"excerpt":{"rendered":"<p>El Servicio Meteorol\u00f3gico Nacional&nbsp;inform\u00f3 que la ciudad atravesar\u00e1 jornadas de calor en los pr\u00f3ximos d\u00edas. Si bien se prev\u00e9 la llegada de lluvias aisladas, no se espera un alivio t\u00e9rmico&hellip; <\/p>\n","protected":false},"author":4,"featured_media":249411,"comment_status":"closed","ping_status":"open","sticky":false,"template":"","format":"standard","meta":{"footnotes":""},"categories":[23,29],"tags":[],"class_list":["post-249410","post","type-post","status-publish","format-standard","has-post-thumbnail","hentry","category-actualidad","category-clima"],"_links":{"self":[{"href":"https:\/\/corrientesdetarde.com\/index.php\/wp-json\/wp\/v2\/posts\/249410","targetHints":{"allow":["GET"]}}],"collection":[{"href":"https:\/\/corrientesdetarde.com\/index.php\/wp-json\/wp\/v2\/posts"}],"about":[{"href":"https:\/\/corrientesdetarde.com\/index.php\/wp-json\/wp\/v2\/types\/post"}],"author":[{"embeddable":true,"href":"https:\/\/corrientesdetarde.com\/index.php\/wp-json\/wp\/v2\/users\/4"}],"replies":[{"embeddable":true,"href":"https:\/\/corrientesdetarde.com\/index.php\/wp-json\/wp\/v2\/comments?post=249410"}],"version-history":[{"count":1,"href":"https:\/\/corrientesdetarde.com\/index.php\/wp-json\/wp\/v2\/posts\/249410\/revisions"}],"predecessor-version":[{"id":249412,"href":"https:\/\/corrientesdetarde.com\/index.php\/wp-json\/wp\/v2\/posts\/249410\/revisions\/249412"}],"wp:featuredmedia":[{"embeddable":true,"href":"https:\/\/corrientesdetarde.com\/index.php\/wp-json\/wp\/v2\/media\/249411"}],"wp:attachment":[{"href":"https:\/\/corrientesdetarde.com\/index.php\/wp-json\/wp\/v2\/media?parent=249410"}],"wp:term":[{"taxonomy":"category","embeddable":true,"href":"https:\/\/corrientesdetarde.com\/index.php\/wp-json\/wp\/v2\/categories?post=249410"},{"taxonomy":"post_tag","embeddable":true,"href":"https:\/\/corrientesdetarde.com\/index.php\/wp-json\/wp\/v2\/tags?post=249410"}],"curies":[{"name":"wp","href":"https:\/\/api.w.org\/{rel}","templated":true}]}}