{"id":249418,"date":"2026-03-15T22:59:31","date_gmt":"2026-03-16T01:59:31","guid":{"rendered":"https:\/\/corrientesdetarde.com\/?p=249418"},"modified":"2026-03-15T22:59:35","modified_gmt":"2026-03-16T01:59:35","slug":"corrientes-buscan-intensamente-a-un-joven-de-19-anos-que-desaparecio-mientras-buscaba-ganado","status":"publish","type":"post","link":"https:\/\/corrientesdetarde.com\/index.php\/actualidad\/corrientes-buscan-intensamente-a-un-joven-de-19-anos-que-desaparecio-mientras-buscaba-ganado\/","title":{"rendered":"Corrientes: buscan intensamente a un joven de 19 a\u00f1os que desapareci\u00f3 mientras buscaba ganado"},"content":{"rendered":"\n<p>Un amplio despliegue de fuerzas de seguridad y bomberos voluntarios se encuentra en marcha a orillas del r\u00edo Santa Luc\u00eda. El joven sali\u00f3 a caballo durante la tarde del s\u00e1bado&nbsp;para arrear ganado, pero el animal regres\u00f3 solo a la vivienda.<\/p>\n\n\n\n<p>La Polic\u00eda de Corrientes despleg\u00f3 un fuerte operativo ante la misteriosa desaparici\u00f3n de un joven de 19 a\u00f1os en la localidad de Santa Luc\u00eda.<\/p>\n\n\n\n<p>Seg\u00fan el reporte oficial, el sujeto parti\u00f3 a caballo cerca de las 19 del s\u00e1bado&nbsp;con el objetivo de buscar unos animales vacunos en la zona de la&nbsp;<strong>costa del r\u00edo Santa Luc\u00eda<\/strong>.<\/p>\n\n\n\n<p>La preocupaci\u00f3n se transform\u00f3 en urgencia pocas horas despu\u00e9s, cuando el equino regres\u00f3 al domicilio del joven sin su jinete y sin las riendas.<\/p>\n\n\n\n<h2 class=\"wp-block-heading\">Operativo conjunto<\/h2>\n\n\n\n<p>Ante la denuncia, se conform\u00f3 de inmediato un comit\u00e9 de b\u00fasqueda coordinado por la polic\u00eda local, al que se sumaron r\u00e1pidamente diversas fuerzas para cubrir el dif\u00edcil terreno costero:<\/p>\n\n\n\n<ul class=\"wp-block-list\">\n<li><strong>Fuerzas de seguridad:<\/strong>\u00a0personal de las Comisar\u00edas de Lavalle, Cruz de los Milagros, Gobernador Mart\u00ednez y el PRIAR.<\/li>\n\n\n\n<li><strong>Prefectura Naval Argentina:<\/strong>\u00a0a\u00a0cargo de los rastrillajes por agua y zonas ribere\u00f1as.<\/li>\n\n\n\n<li><strong>Bomberos Voluntarios:<\/strong>\u00a0equipos especializados en b\u00fasqueda y rescate en \u00e1reas rurales.<\/li>\n<\/ul>\n\n\n\n<p>Los procedimientos se extendieron durante toda la noche y se retomaron a primera hora de hoy domingo, bajo condiciones de terreno que requieren una gran log\u00edstica debido a la vegetaci\u00f3n y la proximidad con el cauce del r\u00edo.<\/p>\n\n\n\n<h2 class=\"wp-block-heading\">Sin novedades hasta el momento<\/h2>\n\n\n\n<p>Hasta el mediod\u00eda de este domingo, las fuerzas intervinientes no han logrado hallar indicios que permitan determinar el paradero del joven ni las causas por las cuales habr\u00eda ca\u00eddo del animal.<\/p>\n\n\n\n<p>Desde la Comisar\u00eda de Santa Luc\u00eda se solicita a cualquier persona que pueda aportar informaci\u00f3n relevante sobre los movimientos del joven en las \u00faltimas horas que se comunique de inmediato con la dependencia policial m\u00e1s cercana.<\/p>\n","protected":false},"excerpt":{"rendered":"<p>Un amplio despliegue de fuerzas de seguridad y bomberos voluntarios se encuentra en marcha a orillas del r\u00edo Santa Luc\u00eda. El joven sali\u00f3 a caballo durante la tarde del s\u00e1bado&nbsp;para&hellip; <\/p>\n","protected":false},"author":4,"featured_media":249419,"comment_status":"closed","ping_status":"open","sticky":false,"template":"","format":"standard","meta":{"footnotes":""},"categories":[23,33],"tags":[],"class_list":["post-249418","post","type-post","status-publish","format-standard","has-post-thumbnail","hentry","category-actualidad","category-policiales"],"_links":{"self":[{"href":"https:\/\/corrientesdetarde.com\/index.php\/wp-json\/wp\/v2\/posts\/249418","targetHints":{"allow":["GET"]}}],"collection":[{"href":"https:\/\/corrientesdetarde.com\/index.php\/wp-json\/wp\/v2\/posts"}],"about":[{"href":"https:\/\/corrientesdetarde.com\/index.php\/wp-json\/wp\/v2\/types\/post"}],"author":[{"embeddable":true,"href":"https:\/\/corrientesdetarde.com\/index.php\/wp-json\/wp\/v2\/users\/4"}],"replies":[{"embeddable":true,"href":"https:\/\/corrientesdetarde.com\/index.php\/wp-json\/wp\/v2\/comments?post=249418"}],"version-history":[{"count":1,"href":"https:\/\/corrientesdetarde.com\/index.php\/wp-json\/wp\/v2\/posts\/249418\/revisions"}],"predecessor-version":[{"id":249420,"href":"https:\/\/corrientesdetarde.com\/index.php\/wp-json\/wp\/v2\/posts\/249418\/revisions\/249420"}],"wp:featuredmedia":[{"embeddable":true,"href":"https:\/\/corrientesdetarde.com\/index.php\/wp-json\/wp\/v2\/media\/249419"}],"wp:attachment":[{"href":"https:\/\/corrientesdetarde.com\/index.php\/wp-json\/wp\/v2\/media?parent=249418"}],"wp:term":[{"taxonomy":"category","embeddable":true,"href":"https:\/\/corrientesdetarde.com\/index.php\/wp-json\/wp\/v2\/categories?post=249418"},{"taxonomy":"post_tag","embeddable":true,"href":"https:\/\/corrientesdetarde.com\/index.php\/wp-json\/wp\/v2\/tags?post=249418"}],"curies":[{"name":"wp","href":"https:\/\/api.w.org\/{rel}","templated":true}]}}