{"id":249421,"date":"2026-03-16T07:35:35","date_gmt":"2026-03-16T10:35:35","guid":{"rendered":"https:\/\/corrientesdetarde.com\/?p=249421"},"modified":"2026-03-16T07:36:06","modified_gmt":"2026-03-16T10:36:06","slug":"identificacion-historica-en-cordoba-recuperaron-los-restos-de-12-victimas-del-centro-clandestino-la-perla","status":"publish","type":"post","link":"https:\/\/corrientesdetarde.com\/index.php\/nacionales\/identificacion-historica-en-cordoba-recuperaron-los-restos-de-12-victimas-del-centro-clandestino-la-perla\/","title":{"rendered":"Identificaci\u00f3n hist\u00f3rica en C\u00f3rdoba: recuperaron los restos de 12 v\u00edctimas del centro clandestino La Perla"},"content":{"rendered":"\n<p>Los restos \u00f3seos humanos fueron identificados por el Equipo Argentino de Antropolog\u00eda Forense (EAAF) junto al Instituto de Medicina Forense. Aun asi, las excavaciones hab\u00edan iniciado ya en septiembre de 2025 en la Loma del Torito, hallando fosas con evidencia de enterramientos masivos.<\/p>\n\n\n\n<p>El Equipo Argentino de Antropolog\u00eda Forense (EAAF) y la Secretar\u00eda de Derechos Humanos de la Naci\u00f3n confirmaron la identificaci\u00f3n de los restos de doce personas que fueron v\u00edctimas de la \u00faltima dictadura c\u00edvico-militar en el centro clandestino de detenci\u00f3n La Perla, en la provincia de C\u00f3rdoba. Al momento, los hallazgos se produjeron en una zona de fosas comunes dentro del predio que perteneci\u00f3 al Tercer Cuerpo de Ej\u00e9rcito.<\/p>\n\n\n\n<p>Sus trabajos de excavaci\u00f3n y an\u00e1lisis gen\u00e9tico permitieron poner nombre a restos que hab\u00edan permanecido como NN durante d\u00e9cadas. As\u00ed tambi\u00e9n, la investigaci\u00f3n cont\u00f3 con la intervenci\u00f3n del Juzgado Federal N\u00b0 3 de C\u00f3rdoba, a cargo de Miguel Hugo Vaca Narvaja, quien notific\u00f3 formalmente a los familiares de las v\u00edctimas.<\/p>\n\n\n\n<p>A partir de los registros oficiales, los restos fueron encontrados en un sector del campo conocido como &#8220;La Ocho&#8221;, donde los peritos forenses trabajaron meticulosamente para recuperar material gen\u00e9tico degradado.<\/p>\n\n\n\n<figure class=\"wp-block-image\"><img decoding=\"async\" src=\"https:\/\/www.lt7noticias.com\/content\/bucket\/7\/83057w790h988c.jpg.webp\" alt=\"\"\/><\/figure>\n\n\n\n<p>Tras la labor del EAAF, los identificados fueron hombres y mujeres secuestrados en operativos realizados en C\u00f3rdoba y localidades cercanas durante 1976. Las pericias determinaron que las v\u00edctimas presentaban lesiones compatibles con impactos de armas de fuego, confirmando la metodolog\u00eda de ejecuci\u00f3n utilizada.<\/p>\n\n\n\n<p>El equipo de peritos utiliz\u00f3 tecnolog\u00eda de georradar y an\u00e1lisis de suelos para detectar remociones de tierra no naturales antes de proceder a la apertura de las fosas. Una vez recuperados, los restos fueron trasladados al laboratorio central del EAAF en la ciudad de Buenos Aires.<\/p>\n\n\n\n<p>All\u00ed se realizaron estudios osteom\u00e9tricos para determinar edad, sexo y estatura, adem\u00e1s de an\u00e1lisis odontol\u00f3gicos que permitieron complementar la informaci\u00f3n obtenida mediante el cotejo de ADN mitocondrial y nuclear.<\/p>\n\n\n\n<figure class=\"wp-block-image\"><img decoding=\"async\" src=\"https:\/\/www.lt7noticias.com\/content\/bucket\/5\/83055w730h1300c.webp.webp\" alt=\"\"\/><\/figure>\n\n\n\n<h2 class=\"wp-block-heading\">Notificaci\u00f3n a los familiares y procedimientos legales<\/h2>\n\n\n\n<p>El juez federal Miguel Hugo Vaca Narvaja notifica a las familias antes de divulgar nombres. Se trata de resultados parciales, con m\u00e1s an\u00e1lisis en curso y llamados a actualizar datos gen\u00e9ticos para futuras identificaciones.<\/p>\n\n\n\n<figure class=\"wp-block-image\"><img decoding=\"async\" src=\"https:\/\/www.lt7noticias.com\/content\/bucket\/4\/83054w728h1039c.webp.webp\" alt=\"\"\/><\/figure>\n\n\n\n<p>Su documentaci\u00f3n judicial indica que las doce v\u00edctimas fueron vistas por \u00faltima vez en los galpones de detenci\u00f3n de La Perla antes de ser &#8220;trasladadas&#8221;, eufemismo utilizado por los militares para referirse a los asesinatos. La identificaci\u00f3n de estos restos aporta evidencia f\u00edsica irrefutable sobre el destino final de los desaparecidos.<\/p>\n\n\n\n<p>El predio de La Perla, ubicado a la vera de la Ruta Nacional 20 que une C\u00f3rdoba con Villa Carlos Paz, funcion\u00f3 bajo la jurisdicci\u00f3n de la Cuarta Brigada de Infanter\u00eda Aerotransportada. El informe t\u00e9cnico final del EAAF sobre este grupo de v\u00edctimas fue incorporado como prueba documental en las causas por delitos de lesa humanidad.<\/p>\n","protected":false},"excerpt":{"rendered":"<p>Los restos \u00f3seos humanos fueron identificados por el Equipo Argentino de Antropolog\u00eda Forense (EAAF) junto al Instituto de Medicina Forense. Aun asi, las excavaciones hab\u00edan iniciado ya en septiembre de&hellip; <\/p>\n","protected":false},"author":4,"featured_media":249427,"comment_status":"closed","ping_status":"open","sticky":false,"template":"","format":"standard","meta":{"footnotes":""},"categories":[10],"tags":[],"class_list":["post-249421","post","type-post","status-publish","format-standard","has-post-thumbnail","hentry","category-nacionales"],"_links":{"self":[{"href":"https:\/\/corrientesdetarde.com\/index.php\/wp-json\/wp\/v2\/posts\/249421","targetHints":{"allow":["GET"]}}],"collection":[{"href":"https:\/\/corrientesdetarde.com\/index.php\/wp-json\/wp\/v2\/posts"}],"about":[{"href":"https:\/\/corrientesdetarde.com\/index.php\/wp-json\/wp\/v2\/types\/post"}],"author":[{"embeddable":true,"href":"https:\/\/corrientesdetarde.com\/index.php\/wp-json\/wp\/v2\/users\/4"}],"replies":[{"embeddable":true,"href":"https:\/\/corrientesdetarde.com\/index.php\/wp-json\/wp\/v2\/comments?post=249421"}],"version-history":[{"count":1,"href":"https:\/\/corrientesdetarde.com\/index.php\/wp-json\/wp\/v2\/posts\/249421\/revisions"}],"predecessor-version":[{"id":249428,"href":"https:\/\/corrientesdetarde.com\/index.php\/wp-json\/wp\/v2\/posts\/249421\/revisions\/249428"}],"wp:featuredmedia":[{"embeddable":true,"href":"https:\/\/corrientesdetarde.com\/index.php\/wp-json\/wp\/v2\/media\/249427"}],"wp:attachment":[{"href":"https:\/\/corrientesdetarde.com\/index.php\/wp-json\/wp\/v2\/media?parent=249421"}],"wp:term":[{"taxonomy":"category","embeddable":true,"href":"https:\/\/corrientesdetarde.com\/index.php\/wp-json\/wp\/v2\/categories?post=249421"},{"taxonomy":"post_tag","embeddable":true,"href":"https:\/\/corrientesdetarde.com\/index.php\/wp-json\/wp\/v2\/tags?post=249421"}],"curies":[{"name":"wp","href":"https:\/\/api.w.org\/{rel}","templated":true}]}}