{"id":249426,"date":"2026-03-16T07:39:41","date_gmt":"2026-03-16T10:39:41","guid":{"rendered":"https:\/\/corrientesdetarde.com\/?p=249426"},"modified":"2026-03-16T07:39:45","modified_gmt":"2026-03-16T10:39:45","slug":"avanzan-proyectos-para-que-corrientes-se-multe-con-videos-a-quienes-tiren-basura-y-cometan-faltas-de-transito","status":"publish","type":"post","link":"https:\/\/corrientesdetarde.com\/index.php\/destacados\/avanzan-proyectos-para-que-corrientes-se-multe-con-videos-a-quienes-tiren-basura-y-cometan-faltas-de-transito\/","title":{"rendered":"Avanzan proyectos para que Corrientes se multe con videos a quienes tiren basura y cometan faltas de tr\u00e1nsito"},"content":{"rendered":"\n<p>En el segundo plenario ingresaron iniciativas para la implementaci\u00f3n del sistema de video multas y la adhesi\u00f3n a la normativa nacional de micromovilidad. Adem\u00e1s, se aprobaron declaraciones de inter\u00e9s y reconocimientos a vecinos destacados de la comunidad.<\/p>\n\n\n\n<p>El Honorable Concejo Deliberante de la Ciudad de Corrientes, presidido por Marcos Amarilla, realiz\u00f3 este jueves su segunda sesi\u00f3n ordinaria, con la participaci\u00f3n de los 19 ediles que integran el cuerpo deliberativo municipal.<\/p>\n\n\n\n<p>Durante el encuentro se abord\u00f3 un amplio orden del d\u00eda que incluy\u00f3 el an\u00e1lisis de diversos temas vinculados a mejoras urbanas y pol\u00edticas p\u00fablicas para la ciudad.<\/p>\n\n\n\n<p>Entre las iniciativas m\u00e1s relevantes ingres\u00f3 el proyecto de ordenanza para la creaci\u00f3n del Sistema Municipal de Actuaciones Digitales \u2013 Video Multa, destinado a la detecci\u00f3n, registro y documentaci\u00f3n de faltas municipales mediante el uso de tecnolog\u00edas de videovigilancia y medios electr\u00f3nicos. La propuesta ser\u00e1 estudiada por las comisiones de Seguridad, Obras y Legislaci\u00f3n.<\/p>\n\n\n\n<p>Asimismo, tom\u00f3 estado parlamentario y se gir\u00f3 a las comisiones de Seguridad y Legislaci\u00f3n, el proyecto de ordenanza que propone la adhesi\u00f3n a la Disposici\u00f3n Nacional N\u00ba 480\/2020, para la promoci\u00f3n de la micromovilidad sustentable e inclusiva, con el objetivo de adherir al marco regulatorio establecido por la Agencia Nacional de Seguridad Vial en lo relativo a la circulaci\u00f3n de veh\u00edculos de movilidad personal (monopatines el\u00e9ctricos, bicicletas y motos convencionales y el\u00e9ctricos, y triciclos).<\/p>\n\n\n\n<p>En el marco de la sesi\u00f3n, tambi\u00e9n se aprobaron diversos proyectos de comunicaci\u00f3n presentados por los concejales, orientados a mejorar la infraestructura y los servicios en distintos sectores de la ciudad. Entre ellos se destacan solicitudes para la colocaci\u00f3n de garitas de colectivos sobre avenida Armenia, la limpieza y erradicaci\u00f3n de basurales y de desag\u00fces pluviales a cielo abierto en distintos barrios capitalinos, as\u00ed como trabajos de arreglo, enripiado y nivelaci\u00f3n de calles, entre otras intervenciones urbanas.<\/p>\n\n\n\n<p>Por otra parte, el cuerpo deliberativo declar\u00f3 de Inter\u00e9s la conmemoraci\u00f3n del 2 de abril, D\u00eda del Veterano y de los Ca\u00eddos en la Guerra de Malvinas, as\u00ed como el D\u00eda Internacional de los Artesanos y Artesanas, que se celebra el 19 de marzo.<\/p>\n\n\n\n<p>Adem\u00e1s, se otorgaron distinciones a vecinos destacados por su compromiso con la comunidad. En este sentido, se entreg\u00f3 el Diploma a la Acci\u00f3n Destacada al profesor Alejandro Fabi\u00e1n Acosta (en reconocimiento a su labor en el f\u00fatbol formativo en la ciudad de Corrientes, tarea que desarrolla de manera ininterrumpida desde 1997 hasta la actualidad) y a la agente Carmen S\u00e1nchez, (por su heroico desempe\u00f1o profesional y su ejemplar accionar en la vida p\u00fablica al salvar la vida de una ni\u00f1a).<\/p>\n","protected":false},"excerpt":{"rendered":"<p>En el segundo plenario ingresaron iniciativas para la implementaci\u00f3n del sistema de video multas y la adhesi\u00f3n a la normativa nacional de micromovilidad. Adem\u00e1s, se aprobaron declaraciones de inter\u00e9s y&hellip; <\/p>\n","protected":false},"author":4,"featured_media":249429,"comment_status":"closed","ping_status":"open","sticky":false,"template":"","format":"standard","meta":{"footnotes":""},"categories":[26],"tags":[],"class_list":["post-249426","post","type-post","status-publish","format-standard","has-post-thumbnail","hentry","category-destacados"],"_links":{"self":[{"href":"https:\/\/corrientesdetarde.com\/index.php\/wp-json\/wp\/v2\/posts\/249426","targetHints":{"allow":["GET"]}}],"collection":[{"href":"https:\/\/corrientesdetarde.com\/index.php\/wp-json\/wp\/v2\/posts"}],"about":[{"href":"https:\/\/corrientesdetarde.com\/index.php\/wp-json\/wp\/v2\/types\/post"}],"author":[{"embeddable":true,"href":"https:\/\/corrientesdetarde.com\/index.php\/wp-json\/wp\/v2\/users\/4"}],"replies":[{"embeddable":true,"href":"https:\/\/corrientesdetarde.com\/index.php\/wp-json\/wp\/v2\/comments?post=249426"}],"version-history":[{"count":1,"href":"https:\/\/corrientesdetarde.com\/index.php\/wp-json\/wp\/v2\/posts\/249426\/revisions"}],"predecessor-version":[{"id":249430,"href":"https:\/\/corrientesdetarde.com\/index.php\/wp-json\/wp\/v2\/posts\/249426\/revisions\/249430"}],"wp:featuredmedia":[{"embeddable":true,"href":"https:\/\/corrientesdetarde.com\/index.php\/wp-json\/wp\/v2\/media\/249429"}],"wp:attachment":[{"href":"https:\/\/corrientesdetarde.com\/index.php\/wp-json\/wp\/v2\/media?parent=249426"}],"wp:term":[{"taxonomy":"category","embeddable":true,"href":"https:\/\/corrientesdetarde.com\/index.php\/wp-json\/wp\/v2\/categories?post=249426"},{"taxonomy":"post_tag","embeddable":true,"href":"https:\/\/corrientesdetarde.com\/index.php\/wp-json\/wp\/v2\/tags?post=249426"}],"curies":[{"name":"wp","href":"https:\/\/api.w.org\/{rel}","templated":true}]}}