{"id":249501,"date":"2026-03-16T14:23:39","date_gmt":"2026-03-16T17:23:39","guid":{"rendered":"https:\/\/corrientesdetarde.com\/?p=249501"},"modified":"2026-03-16T14:23:46","modified_gmt":"2026-03-16T17:23:46","slug":"denuncian-que-el-colegio-de-farmaceuticos-porteno-falseo-informacion-sobre-la-afiliacion-de-dos-trabajadores-y-debera-afrontar-un-resarcimiento","status":"publish","type":"post","link":"https:\/\/corrientesdetarde.com\/index.php\/informacion-general\/denuncian-que-el-colegio-de-farmaceuticos-porteno-falseo-informacion-sobre-la-afiliacion-de-dos-trabajadores-y-debera-afrontar-un-resarcimiento\/","title":{"rendered":"DENUNCIAN QUE EL COLEGIO DE FARMAC\u00c9UTICOS PORTE\u00d1O FALSE\u00d3 INFORMACI\u00d3N SOBRE LA AFILIACI\u00d3N DE DOS TRABAJADORES Y DEBER\u00c1 AFRONTAR UN RESARCIMIENTO"},"content":{"rendered":"\n<p>(Corresponsal\u00eda Buenos Aires) &#8211; El Sindicato Argentino de Farmac\u00e9uticos y Bioqu\u00edmicos (SAFYB) denunci\u00f3 que el Colegio Oficial de Farmac\u00e9uticos y Bioqu\u00edmicos de Capital Federal deber\u00e1 afrontar consecuencias econ\u00f3micas luego de que la Justicia desestimara una denuncia penal impulsada contra la organizaci\u00f3n gremial por una supuesta estafa vinculada al cobro de cuotas sindicales.<\/p>\n\n\n\n<p>Desde el gremio se\u00f1alaron que el conflicto se origin\u00f3 cuando el director del Colegio, Claudio Ucchino, rechaz\u00f3 reconocer la afiliaci\u00f3n sindical de dos profesionales que se desempe\u00f1an en la entidad, la farmac\u00e9utica Laura Butticce y el bioqu\u00edmico Roberto Parlamento. Seg\u00fan el sindicato, esa negativa tambi\u00e9n implic\u00f3 el rechazo a abonar los aportes correspondientes.<\/p>\n\n\n\n<p>Frente al reclamo del SAFYB, la conducci\u00f3n del Colegio decidi\u00f3 avanzar con una denuncia penal contra las autoridades sindicales. La presentaci\u00f3n fue realizada por el abogado Juan Pedro Anders en 2020, dentro del expediente CCC 36023\/2020, donde se acus\u00f3 a los dirigentes gremiales Marcelo Peretta y Mariana Funes de presunta estafa.<\/p>\n\n\n\n<p>La acusaci\u00f3n se apoyaba en la afirmaci\u00f3n de que Butticce y Parlamento no estaban afiliados al sindicato. Sin embargo, el proceso judicial incluy\u00f3 peritajes y distintas medidas de prueba que concluyeron lo contrario: ambos profesionales s\u00ed figuraban como afiliados, lo que validaba el reclamo del SAFYB por el pago de las cuotas sindicales.<\/p>\n\n\n\n<p>El 13 de febrero pasado, la Sala IV de la C\u00e1mara de Apelaciones en lo Criminal y Correccional confirm\u00f3 la resoluci\u00f3n previa del Juzgado Nacional en lo Criminal y Correccional N.\u00ba 23, que hab\u00eda dispuesto el sobreseimiento de los dirigentes sindicales denunciados.<\/p>\n\n\n\n<p>Entre los elementos evaluados en la causa se incluy\u00f3 un peritaje caligr\u00e1fico sobre las fichas de afiliaci\u00f3n. La pericia determin\u00f3 que las letras y n\u00fameros consignados guardaban relaci\u00f3n morfol\u00f3gica con la escritura de ambos trabajadores, lo que reforz\u00f3 la autenticidad de los documentos incorporados al expediente.<\/p>\n\n\n\n<p>Adem\u00e1s, la Justicia valor\u00f3 otras constancias. Seg\u00fan el fallo citado por el sindicato, Butticce figura firmando planillas de asistencia a asambleas del SAFYB realizadas en 2006 y 2009, mientras que Parlamento aparec\u00eda suscripto a cadenas de correos electr\u00f3nicos vinculadas a cursos destinados a afiliados.<\/p>\n\n\n\n<p>Desde el gremio sostuvieron que la resoluci\u00f3n judicial abre ahora un nuevo cap\u00edtulo para el Colegio profesional. Seg\u00fan se\u00f1alaron voceros sindicales, la denuncia penal impulsada sin sustento podr\u00eda derivar en el pago de da\u00f1os y perjuicios por parte de la instituci\u00f3n.<\/p>\n\n\n\n<p>En su evaluaci\u00f3n final del caso, el SAFYB afirm\u00f3 que el conflicto se inscribe en un clima de creciente hostilidad hacia las organizaciones sindicales, aunque tambi\u00e9n atribuy\u00f3 lo ocurrido a un \u201cmal asesoramiento legal\u201d que intent\u00f3 trasladar un reclamo laboral al fuero penal.<\/p>\n","protected":false},"excerpt":{"rendered":"<p>(Corresponsal\u00eda Buenos Aires) &#8211; El Sindicato Argentino de Farmac\u00e9uticos y Bioqu\u00edmicos (SAFYB) denunci\u00f3 que el Colegio Oficial de Farmac\u00e9uticos y Bioqu\u00edmicos de Capital Federal deber\u00e1 afrontar consecuencias econ\u00f3micas luego de&hellip; <\/p>\n","protected":false},"author":11,"featured_media":249506,"comment_status":"closed","ping_status":"open","sticky":false,"template":"","format":"standard","meta":{"footnotes":""},"categories":[1],"tags":[],"class_list":["post-249501","post","type-post","status-publish","format-standard","has-post-thumbnail","hentry","category-informacion-general"],"_links":{"self":[{"href":"https:\/\/corrientesdetarde.com\/index.php\/wp-json\/wp\/v2\/posts\/249501","targetHints":{"allow":["GET"]}}],"collection":[{"href":"https:\/\/corrientesdetarde.com\/index.php\/wp-json\/wp\/v2\/posts"}],"about":[{"href":"https:\/\/corrientesdetarde.com\/index.php\/wp-json\/wp\/v2\/types\/post"}],"author":[{"embeddable":true,"href":"https:\/\/corrientesdetarde.com\/index.php\/wp-json\/wp\/v2\/users\/11"}],"replies":[{"embeddable":true,"href":"https:\/\/corrientesdetarde.com\/index.php\/wp-json\/wp\/v2\/comments?post=249501"}],"version-history":[{"count":1,"href":"https:\/\/corrientesdetarde.com\/index.php\/wp-json\/wp\/v2\/posts\/249501\/revisions"}],"predecessor-version":[{"id":249508,"href":"https:\/\/corrientesdetarde.com\/index.php\/wp-json\/wp\/v2\/posts\/249501\/revisions\/249508"}],"wp:featuredmedia":[{"embeddable":true,"href":"https:\/\/corrientesdetarde.com\/index.php\/wp-json\/wp\/v2\/media\/249506"}],"wp:attachment":[{"href":"https:\/\/corrientesdetarde.com\/index.php\/wp-json\/wp\/v2\/media?parent=249501"}],"wp:term":[{"taxonomy":"category","embeddable":true,"href":"https:\/\/corrientesdetarde.com\/index.php\/wp-json\/wp\/v2\/categories?post=249501"},{"taxonomy":"post_tag","embeddable":true,"href":"https:\/\/corrientesdetarde.com\/index.php\/wp-json\/wp\/v2\/tags?post=249501"}],"curies":[{"name":"wp","href":"https:\/\/api.w.org\/{rel}","templated":true}]}}