{"id":249553,"date":"2026-03-16T20:24:41","date_gmt":"2026-03-16T23:24:41","guid":{"rendered":"https:\/\/corrientesdetarde.com\/?p=249553"},"modified":"2026-03-16T20:24:47","modified_gmt":"2026-03-16T23:24:47","slug":"le-robaron-la-moto-al-sargento-que-salvo-a-una-beba","status":"publish","type":"post","link":"https:\/\/corrientesdetarde.com\/index.php\/informacion-general\/le-robaron-la-moto-al-sargento-que-salvo-a-una-beba\/","title":{"rendered":"le robaron la moto al sargento que salv\u00f3 a una beba"},"content":{"rendered":"\n<p>La inseguridad en el centro de la ciudad no distingue h\u00e9roes. El sargento de la Polic\u00eda de Corrientes, quien recientemente conmovi\u00f3 a la provincia tras salvarle la vida a una beba de apenas tres d\u00edas, sufri\u00f3 el robo de su herramienta de transporte el pasado viernes por la tarde.<\/p>\n\n\n\n<p>El il\u00edcito se produjo en las inmediaciones del Instituto Superior de Servicio Social &#8220;Remedios de Escalada de San Mart\u00edn&#8221;. Seg\u00fan la denuncia y los datos aportados por la v\u00edctima, el robo ocurri\u00f3 en un lapso de menos de dos horas, aproximadamente entre las 18:20 y las 20:00.<\/p>\n\n\n\n<p>El veh\u00edculo sustra\u00eddo es una motocicleta modelo 2018, la cual el sargento utiliza diariamente para cumplir con sus funciones. Tras percatarse de la desaparici\u00f3n del rodado, el efectivo utiliz\u00f3 sus redes sociales para visibilizar la situaci\u00f3n y expresar su amargura ante el hecho.<\/p>\n\n\n\n<p>El il\u00edcito se produjo en las inmediaciones del Instituto Superior de Servicio Social &#8220;Remedios de Escalada de San Mart\u00edn&#8221;. Seg\u00fan la denuncia y los datos aportados por la v\u00edctima, el robo ocurri\u00f3 en un lapso de menos de dos horas, aproximadamente entre las 18:20 y las 20:00.<\/p>\n\n\n\n<p>El veh\u00edculo sustra\u00eddo es una motocicleta modelo 2018, la cual el sargento utiliza diariamente para cumplir con sus funciones. Tras percatarse de la desaparici\u00f3n del rodado, el efectivo utiliz\u00f3 sus redes sociales para visibilizar la situaci\u00f3n y expresar su amargura ante el hecho.<\/p>\n\n\n\n<p>&#8220;Es una situaci\u00f3n lamentable, m\u00e1s a\u00fan despu\u00e9s de todo lo vivido recientemente&#8221;, manifestaron allegados al suboficial, quien todav\u00eda recib\u00eda felicitaciones por su intervenci\u00f3n sanitaria d\u00edas atr\u00e1s.<\/p>\n\n\n\n<p>Mientras las autoridades policiales analizan las c\u00e1maras de seguridad de la zona c\u00e9ntrica para identificar a los autores, se ha solicitado la solidaridad de la ciudadan\u00eda para recuperar el veh\u00edculo.<\/p>\n\n\n\n<p>C\u00f3mo ayudar: Quienes tengan informaci\u00f3n certera sobre el paradero de la moto o hayan visto movimientos sospechosos en la zona, pueden comunicarse directamente al n\u00famero: 3795 061172.<\/p>\n\n\n\n<figure class=\"wp-block-image size-large\"><img loading=\"lazy\" decoding=\"async\" width=\"576\" height=\"1024\" src=\"https:\/\/corrientesdetarde.com\/wp-content\/uploads\/2026\/03\/image-417-576x1024.png\" alt=\"\" class=\"wp-image-249557\"\/><\/figure>\n","protected":false},"excerpt":{"rendered":"<p>La inseguridad en el centro de la ciudad no distingue h\u00e9roes. El sargento de la Polic\u00eda de Corrientes, quien recientemente conmovi\u00f3 a la provincia tras salvarle la vida a una&hellip; <\/p>\n","protected":false},"author":1,"featured_media":249557,"comment_status":"closed","ping_status":"open","sticky":false,"template":"","format":"standard","meta":{"footnotes":""},"categories":[1],"tags":[],"class_list":["post-249553","post","type-post","status-publish","format-standard","has-post-thumbnail","hentry","category-informacion-general"],"_links":{"self":[{"href":"https:\/\/corrientesdetarde.com\/index.php\/wp-json\/wp\/v2\/posts\/249553","targetHints":{"allow":["GET"]}}],"collection":[{"href":"https:\/\/corrientesdetarde.com\/index.php\/wp-json\/wp\/v2\/posts"}],"about":[{"href":"https:\/\/corrientesdetarde.com\/index.php\/wp-json\/wp\/v2\/types\/post"}],"author":[{"embeddable":true,"href":"https:\/\/corrientesdetarde.com\/index.php\/wp-json\/wp\/v2\/users\/1"}],"replies":[{"embeddable":true,"href":"https:\/\/corrientesdetarde.com\/index.php\/wp-json\/wp\/v2\/comments?post=249553"}],"version-history":[{"count":1,"href":"https:\/\/corrientesdetarde.com\/index.php\/wp-json\/wp\/v2\/posts\/249553\/revisions"}],"predecessor-version":[{"id":249558,"href":"https:\/\/corrientesdetarde.com\/index.php\/wp-json\/wp\/v2\/posts\/249553\/revisions\/249558"}],"wp:featuredmedia":[{"embeddable":true,"href":"https:\/\/corrientesdetarde.com\/index.php\/wp-json\/wp\/v2\/media\/249557"}],"wp:attachment":[{"href":"https:\/\/corrientesdetarde.com\/index.php\/wp-json\/wp\/v2\/media?parent=249553"}],"wp:term":[{"taxonomy":"category","embeddable":true,"href":"https:\/\/corrientesdetarde.com\/index.php\/wp-json\/wp\/v2\/categories?post=249553"},{"taxonomy":"post_tag","embeddable":true,"href":"https:\/\/corrientesdetarde.com\/index.php\/wp-json\/wp\/v2\/tags?post=249553"}],"curies":[{"name":"wp","href":"https:\/\/api.w.org\/{rel}","templated":true}]}}