{"id":249570,"date":"2026-03-17T08:08:01","date_gmt":"2026-03-17T11:08:01","guid":{"rendered":"https:\/\/corrientesdetarde.com\/?p=249570"},"modified":"2026-03-17T08:08:09","modified_gmt":"2026-03-17T11:08:09","slug":"el-ministro-lanari-zubiaur-recorrio-el-hospital-de-campana-escuela-hogar","status":"publish","type":"post","link":"https:\/\/corrientesdetarde.com\/index.php\/actualidad\/el-ministro-lanari-zubiaur-recorrio-el-hospital-de-campana-escuela-hogar\/","title":{"rendered":"El ministro Lanari Zubiaur recorri\u00f3 el Hospital de Campa\u00f1a \u201cEscuela Hogar\u201d"},"content":{"rendered":"\n<p><em>El titular de la cartera sanitaria, visit\u00f3 diferentes servicios y dialog\u00f3 con el personal de salud. A su vez, destac\u00f3 el trabajo y compromiso con la salud que brindan desde este nosocomio.<\/em><\/p>\n\n\n\n<p>El ministro de Salud P\u00fablica, Emilio Lanari Zubiaur, recorri\u00f3 el Hospital de Campa\u00f1a \u201cEscuela Hogar\u201d junto al Secretario de Gobierno Sanitario, Alberto Arregin. Los recibieron los directores del nosocomio, Anal\u00eda Gim\u00e9nez y Juan Manuel Ferrer. En la oportunidad, visit\u00f3 los servicios que se dan en este centro de salud y dialog\u00f3 con los profesionales.&nbsp;<br>\u201cEstuvimos recorriendo el Hospital de Campa\u00f1a, que se convirti\u00f3 en eje fundamental de la pol\u00edtica de salud de Corrientes\u201d, dijo el titular de la cartera sanitaria, Emilio Lanari Zubiaur y remarc\u00f3 el \u201cexcelente trabajo\u201d que realizaron durante la pandemia de Covid-19.&nbsp;<br>A su vez, agreg\u00f3 que hoy siguen cumpliendo su tarea de manera ejemplar y se\u00f1al\u00f3 que actualmente realizan funciones como hospital de derivaci\u00f3n.&nbsp;<br>Luego de su ejercicio durante la pandemia, se fueron sumando servicios y fortaleciendo otros, en el transcurso de estos a\u00f1os. En este sentido, Lanari Zubiaur destac\u00f3 Cuidados Paliativos; Servicio de Salud Mental; Laboratorio \u201cde alt\u00edsimo complejidad\u201d y una Terapia \u201ccon respiradores capaz de dar respuesta a la demanda que presente la ciudadan\u00eda de Corrientes\u201d.&nbsp;<br>Desde el inicio de esta gesti\u00f3n, se est\u00e1n recorriendo hospitales tanto de Capital como del interior para interiorizarse de las demandas tanto del personal como edilicias.<\/p>\n","protected":false},"excerpt":{"rendered":"<p>El titular de la cartera sanitaria, visit\u00f3 diferentes servicios y dialog\u00f3 con el personal de salud. A su vez, destac\u00f3 el trabajo y compromiso con la salud que brindan desde&hellip; <\/p>\n","protected":false},"author":4,"featured_media":249571,"comment_status":"closed","ping_status":"open","sticky":false,"template":"","format":"standard","meta":{"footnotes":""},"categories":[23],"tags":[],"class_list":["post-249570","post","type-post","status-publish","format-standard","has-post-thumbnail","hentry","category-actualidad"],"_links":{"self":[{"href":"https:\/\/corrientesdetarde.com\/index.php\/wp-json\/wp\/v2\/posts\/249570","targetHints":{"allow":["GET"]}}],"collection":[{"href":"https:\/\/corrientesdetarde.com\/index.php\/wp-json\/wp\/v2\/posts"}],"about":[{"href":"https:\/\/corrientesdetarde.com\/index.php\/wp-json\/wp\/v2\/types\/post"}],"author":[{"embeddable":true,"href":"https:\/\/corrientesdetarde.com\/index.php\/wp-json\/wp\/v2\/users\/4"}],"replies":[{"embeddable":true,"href":"https:\/\/corrientesdetarde.com\/index.php\/wp-json\/wp\/v2\/comments?post=249570"}],"version-history":[{"count":1,"href":"https:\/\/corrientesdetarde.com\/index.php\/wp-json\/wp\/v2\/posts\/249570\/revisions"}],"predecessor-version":[{"id":249572,"href":"https:\/\/corrientesdetarde.com\/index.php\/wp-json\/wp\/v2\/posts\/249570\/revisions\/249572"}],"wp:featuredmedia":[{"embeddable":true,"href":"https:\/\/corrientesdetarde.com\/index.php\/wp-json\/wp\/v2\/media\/249571"}],"wp:attachment":[{"href":"https:\/\/corrientesdetarde.com\/index.php\/wp-json\/wp\/v2\/media?parent=249570"}],"wp:term":[{"taxonomy":"category","embeddable":true,"href":"https:\/\/corrientesdetarde.com\/index.php\/wp-json\/wp\/v2\/categories?post=249570"},{"taxonomy":"post_tag","embeddable":true,"href":"https:\/\/corrientesdetarde.com\/index.php\/wp-json\/wp\/v2\/tags?post=249570"}],"curies":[{"name":"wp","href":"https:\/\/api.w.org\/{rel}","templated":true}]}}