{"id":249573,"date":"2026-03-17T08:41:36","date_gmt":"2026-03-17T11:41:36","guid":{"rendered":"https:\/\/corrientesdetarde.com\/?p=249573"},"modified":"2026-03-17T08:41:40","modified_gmt":"2026-03-17T11:41:40","slug":"la-dpec-realizara-trabajos-de-mejoras-en-esquina-ituzaingo-y-paso-de-los-libres","status":"publish","type":"post","link":"https:\/\/corrientesdetarde.com\/index.php\/destacados\/la-dpec-realizara-trabajos-de-mejoras-en-esquina-ituzaingo-y-paso-de-los-libres\/","title":{"rendered":"La DPEC realizar\u00e1 trabajos de mejoras en Esquina, Ituzaing\u00f3 y Paso de los Libres"},"content":{"rendered":"\n<p>La Direcci\u00f3n Provincial de Energ\u00eda de Corrientes comunica que, por ejecutar diversos trabajos de mantenimiento para la mejora del servicio en Esquina, Ituzaing\u00f3 y Paso de los Libres, se interrumpir\u00e1 el suministro de energ\u00eda el\u00e9ctrica el martes 17 de marzo de 2026.<\/p>\n\n\n\n<p>Es por eso que, en Esquina, la Direcci\u00f3n Provincial de Energ\u00eda de Corrientes (DPEC), tareas de tendido de nuevos cables preensamblados y por tal motivo, interrumpir\u00e1 el suministro de energ\u00eda el\u00e9ctrica, el martes 17 de marzo de 2026 en el horario de 08:00 a 09:00, en las zonas de la Terminal de \u00d3mnibus, Supermercado El Tropez\u00f3n, B\u00b0 80 Viviendas, Av. Hip\u00f3lito Yrigoyen, Cors\u00f3dromo, B\u00b0 Paso de los P\u00e1jaros y zonas de influencia.<\/p>\n\n\n\n<p>Adem\u00e1s, informa que, con motivo de realizar mejoras en el servicio, se ejecutar\u00e1n tareas de mantenimiento de L\u00edneas de Media Tensi\u00f3n, por lo cual se interrumpir\u00e1 el suministro de energ\u00eda el\u00e9ctrica en la localidad de Ituzaing\u00f3 y zonas de influencia, el martes 17 marzo de 2026 de 06:30 a 09:00 hs, en las zonas de la Oficina ANSES, Almacenes EBY, Hospital Dr. Genaro Leiva, B\u00b0 G2, B\u00b0 Don Ben\u00edtez, B\u00b0 Don Tomas, Peaje acceso a la localidad y zonas de influencia.<\/p>\n\n\n\n<p>Por \u00faltimo, informa que, con motivo de realizar mejoras en el servicio, se ejecutar\u00e1n tareas de mantenimiento de L\u00edneas de Media Tensi\u00f3n y por lo cual se interrumpir\u00e1 el suministro de energ\u00eda el\u00e9ctrica en la localidad de Paso de los Libres y zonas de influencia, el martes 17 de marzo de 2026 de 06:30 a 07:30 hs en las zonas del B\u00b0 El Sol, Translibres SRL, Estaciones de Servicio Shell, YPF y Puma, Parque Industrial, Ruta N\u00b014 y zonas de influencia.<\/p>\n","protected":false},"excerpt":{"rendered":"<p>La Direcci\u00f3n Provincial de Energ\u00eda de Corrientes comunica que, por ejecutar diversos trabajos de mantenimiento para la mejora del servicio en Esquina, Ituzaing\u00f3 y Paso de los Libres, se interrumpir\u00e1&hellip; <\/p>\n","protected":false},"author":4,"featured_media":235837,"comment_status":"closed","ping_status":"open","sticky":false,"template":"","format":"standard","meta":{"footnotes":""},"categories":[26],"tags":[],"class_list":["post-249573","post","type-post","status-publish","format-standard","has-post-thumbnail","hentry","category-destacados"],"_links":{"self":[{"href":"https:\/\/corrientesdetarde.com\/index.php\/wp-json\/wp\/v2\/posts\/249573","targetHints":{"allow":["GET"]}}],"collection":[{"href":"https:\/\/corrientesdetarde.com\/index.php\/wp-json\/wp\/v2\/posts"}],"about":[{"href":"https:\/\/corrientesdetarde.com\/index.php\/wp-json\/wp\/v2\/types\/post"}],"author":[{"embeddable":true,"href":"https:\/\/corrientesdetarde.com\/index.php\/wp-json\/wp\/v2\/users\/4"}],"replies":[{"embeddable":true,"href":"https:\/\/corrientesdetarde.com\/index.php\/wp-json\/wp\/v2\/comments?post=249573"}],"version-history":[{"count":1,"href":"https:\/\/corrientesdetarde.com\/index.php\/wp-json\/wp\/v2\/posts\/249573\/revisions"}],"predecessor-version":[{"id":249574,"href":"https:\/\/corrientesdetarde.com\/index.php\/wp-json\/wp\/v2\/posts\/249573\/revisions\/249574"}],"wp:featuredmedia":[{"embeddable":true,"href":"https:\/\/corrientesdetarde.com\/index.php\/wp-json\/wp\/v2\/media\/235837"}],"wp:attachment":[{"href":"https:\/\/corrientesdetarde.com\/index.php\/wp-json\/wp\/v2\/media?parent=249573"}],"wp:term":[{"taxonomy":"category","embeddable":true,"href":"https:\/\/corrientesdetarde.com\/index.php\/wp-json\/wp\/v2\/categories?post=249573"},{"taxonomy":"post_tag","embeddable":true,"href":"https:\/\/corrientesdetarde.com\/index.php\/wp-json\/wp\/v2\/tags?post=249573"}],"curies":[{"name":"wp","href":"https:\/\/api.w.org\/{rel}","templated":true}]}}