{"id":249575,"date":"2026-03-17T09:17:15","date_gmt":"2026-03-17T12:17:15","guid":{"rendered":"https:\/\/corrientesdetarde.com\/?p=249575"},"modified":"2026-03-17T09:32:56","modified_gmt":"2026-03-17T12:32:56","slug":"la-municipalidad-inicio-operativos-de-saluddestinados-a-mas-de1-500-ninos-de-los-cdi","status":"publish","type":"post","link":"https:\/\/corrientesdetarde.com\/index.php\/destacados\/la-municipalidad-inicio-operativos-de-saluddestinados-a-mas-de1-500-ninos-de-los-cdi\/","title":{"rendered":"La Municipalidad inici\u00f3 operativos de salud destinados a m\u00e1s de1.500 ni\u00f1os de los CDI"},"content":{"rendered":"\n<p><em>El programa comenz\u00f3 este lunes en el CDI N\u00ba1 del barrio Popular y se extender\u00e1 a los 16 Centros de Desarrollo Infantil de la ciudad. Se realizan evaluaciones m\u00e9dicas, controles nutricionales y verificaci\u00f3n del calendario de vacunaci\u00f3n para promover el desarrollo saludable de los ni\u00f1os.<\/em><\/p>\n\n\n\n<figure class=\"wp-block-embed is-type-video is-provider-youtube wp-block-embed-youtube wp-embed-aspect-16-9 wp-has-aspect-ratio\"><div class=\"wp-block-embed__wrapper\">\n<iframe loading=\"lazy\" title=\"La Municipalidad inici\u00f3 operativos de salud destinados a m\u00e1s de 1.500 ni\u00f1os de los CDI\" width=\"1110\" height=\"624\" src=\"https:\/\/www.youtube.com\/embed\/mu6-kUBkrFE?feature=oembed\" frameborder=\"0\" allow=\"accelerometer; autoplay; clipboard-write; encrypted-media; gyroscope; picture-in-picture; web-share\" referrerpolicy=\"strict-origin-when-cross-origin\" allowfullscreen><\/iframe>\n<\/div><\/figure>\n\n\n\n<p>La Municipalidad de Corrientes inici\u00f3 este lunes un operativo de control integral de salud para ni\u00f1os en los Centros de Desarrollo Infantil (CDI), una acci\u00f3n que comenz\u00f3 en el CDI N\u00ba1 del barrio Popular y que se extender\u00e1 progresivamente a los 16 establecimientos con los que cuenta la comuna.<br><br>En respuesta a una instrucci\u00f3n del intendente Claudio Polich, esta iniciativa es llevada adelante de manera articulada por la Secretar\u00eda de Salud y la Secretar\u00eda de Cultura y Educaci\u00f3n, con el objetivo de realizar controles m\u00e9dicos preventivos y promover h\u00e1bitos saludables desde los primeros a\u00f1os de vida, aprovechando el inicio del ciclo lectivo 2026 en estos espacios educativos.<br><br>El secretario de Salud municipal, Rafael Corona, explic\u00f3 que el operativo busca realizar evaluaciones completas a los ni\u00f1os que concurren a los CDI. \u201cA partir de este lunes estamos recorriendo los CDIs municipales. El inicio del ciclo lectivo es una excelente oportunidad para poder hacer un control de cada ni\u00f1o que asiste a los centros\u201d, se\u00f1al\u00f3.<br><br>Los equipos m\u00e9dicos municipales realizan distintos controles b\u00e1sicos para monitorear el desarrollo infantil. \u201cEstamos con los m\u00e9dicos que tenemos en las salas haciendo la evaluaci\u00f3n y control de ni\u00f1os sanos, como peso, talla, per\u00edmetro cef\u00e1lico, y tambi\u00e9n una evaluaci\u00f3n nutricional en todo lo relacionado con la prevenci\u00f3n y promoci\u00f3n de la salud\u201d, detall\u00f3.<br><br>Durante las jornadas tambi\u00e9n se revisa el cumplimiento del calendario de vacunaci\u00f3n. \u201cTambi\u00e9n hacemos el control del esquema de vacunas. Aprovechamos esta oportunidad para verificar que los calendarios se encuentren al d\u00eda y por eso esta no deja de ser una primera visita muy importante, que se repetir\u00e1 cuando volvamos a todos los CDI durante el mes de agosto pr\u00f3ximo\u201d, adelant\u00f3.<br><br>Corona remarc\u00f3 que el operativo fue planificado de manera conjunta con otras \u00e1reas del municipio. \u201cJunto a la Secretar\u00eda de Cultura y Educaci\u00f3n del municipio se planific\u00f3 un cronograma para poder asistir a los 16 CDI con todo el personal de las SAPS y tambi\u00e9n hacer un seguimiento adecuado de casos puntualea con cada centro de salud\u201d, indic\u00f3.<br><br>Adem\u00e1s, subray\u00f3 que el trabajo articulado entre las \u00e1reas responde a lineamientos del Ejecutivo municipal. \u201cTenemos instrucciones del intendente Claudio Polich de trabajar en sinton\u00eda con cada una de las secretar\u00edas en favor de los vecinos\u201d, afirm\u00f3.<br><br>El funcionario adelant\u00f3 tambi\u00e9n que habr\u00e1 instancias especiales para quienes no puedan asistir en la fecha prevista. \u201cEn el caso de que haya ni\u00f1os que no pudieron asistir por la lluvia o cualquier otro motivo, tenemos previsto fechas especiales que tendr\u00e1n lugar una vez que finalice el cronograma fijo\u201d, sostuvo.<br><br>TRABAJO ARTICULADO<br>La secretaria de Cultura y Educaci\u00f3n municipal, Keren Anderson, destac\u00f3 la articulaci\u00f3n entre las \u00e1reas para acercar estos servicios a la comunidad educativa. \u201cHoy es la primera fecha que ten\u00edamos programada en acciones articuladas con la Secretar\u00eda de Salud para llevar adelante controles integrales para los ni\u00f1os, como nutrici\u00f3n, odontolog\u00eda, medici\u00f3n de talla, entre otras\u201d, se\u00f1al\u00f3.<br><br>El cronograma contempla una jornada en cada CDI municipal. \u201cSe planific\u00f3 para que tengamos una fecha de control en cada uno de los 16 CDI con los que cuenta la Municipalidad, y en este caso coincide con el inicio del ciclo lectivo 2026\u201d, precis\u00f3.<br><br>Anderson indic\u00f3 que en los CDI &#8220;contamos actualmente con entre 1550 y 1600 ni\u00f1os&#8221;, y subray\u00f3: \u201cEsta vez no nos acompa\u00f1\u00f3 el clima, ya que comenzamos con la primera fecha de controles con mucha lluvia, pero la recepci\u00f3n por parte de los tutores fue muy buena. Es algo que se estaba esperando mucho y que al facilitar el acceso a este tipo de controles y hacerlo abierto a la comunidad, se genera un gran beneficio para todos los tutores que en esta \u00e9poca est\u00e1n afrontando los controles de salud, las fichas m\u00e9dicas y dem\u00e1s\u201d.<br><br>CRONOGRAMA<br><br>Los operativos se cumplir\u00e1n en los CDI en d\u00edas h\u00e1biles, de lunes a viernes de 9 a 12 y de 14 a 17hs, y continuar\u00e1n de acuerdo al siguiente cronograma.<br><br>Marzo<br><br>Martes 17: CDI XVI. Barrio Pirayu\u00ed. Cuba 5.900<br><br>Jueves 19: CDI II. Barrio Primera Junta. Madariaga 2.750<br><br>Viernes 20: CDI XV. Barrio Laguna Brava. Ministro Fern\u00e1ndez y Mocito Acu\u00f1a.<br><br>Jueves 26: CDI III. Barrio Lomas del Mirador. Sicilia y Pasaje Linares.<br><br>Viernes 27: CDI XIV. Giusti y Boedo.<br><br>Lunes 30: CDI IV. Barrio San Marcos. Roque P\u00e9rez y Los Alpes.<br><br>Martes 31: CDI XIII. Barrio Anah\u00ed. Cristo Obrero 360.<br><br>Abril<br><br>Lunes 06: CDI V. Barrio Itat\u00ed. Amado Bonpland y Mar del Plata.<br><br>Martes 07: CDI XII. Barrio Guadalupe. Alta Gracia 2.915.<br><br>Jueves 09: CDI VI. Barrio Quilmes. Z\u00e1rate 3400.<br><br>Viernes 10: CDI XI. Barrio Virgen de los Dolores. Hern\u00e1n Cortez y Gutniski<br><br>Lunes 13: CDI VII. Barrio Santa Marta. J. R. Vidal y R\u00edo Paran\u00e1.<br><br>Martes 14: CDI X. Barrio Serantes. Corintos 3700.<br><br>Jueves 16: CDI VIII. Barrio Esperanza. Frente a la Escuela Primaria.<br><br>Viernes 17: CDI IX. Barrio San Benito. Lamadrid 450.<br><br>Lunes 20: Regreso al CDI 1. Barrio Popular.<br><br>Martes 21: Reservado para reprogramaciones.<\/p>\n","protected":false},"excerpt":{"rendered":"<p>El programa comenz\u00f3 este lunes en el CDI N\u00ba1 del barrio Popular y se extender\u00e1 a los 16 Centros de Desarrollo Infantil de la ciudad. Se realizan evaluaciones m\u00e9dicas, controles&hellip; <\/p>\n","protected":false},"author":4,"featured_media":249576,"comment_status":"closed","ping_status":"open","sticky":false,"template":"","format":"standard","meta":{"footnotes":""},"categories":[26],"tags":[],"class_list":["post-249575","post","type-post","status-publish","format-standard","has-post-thumbnail","hentry","category-destacados"],"_links":{"self":[{"href":"https:\/\/corrientesdetarde.com\/index.php\/wp-json\/wp\/v2\/posts\/249575","targetHints":{"allow":["GET"]}}],"collection":[{"href":"https:\/\/corrientesdetarde.com\/index.php\/wp-json\/wp\/v2\/posts"}],"about":[{"href":"https:\/\/corrientesdetarde.com\/index.php\/wp-json\/wp\/v2\/types\/post"}],"author":[{"embeddable":true,"href":"https:\/\/corrientesdetarde.com\/index.php\/wp-json\/wp\/v2\/users\/4"}],"replies":[{"embeddable":true,"href":"https:\/\/corrientesdetarde.com\/index.php\/wp-json\/wp\/v2\/comments?post=249575"}],"version-history":[{"count":2,"href":"https:\/\/corrientesdetarde.com\/index.php\/wp-json\/wp\/v2\/posts\/249575\/revisions"}],"predecessor-version":[{"id":249583,"href":"https:\/\/corrientesdetarde.com\/index.php\/wp-json\/wp\/v2\/posts\/249575\/revisions\/249583"}],"wp:featuredmedia":[{"embeddable":true,"href":"https:\/\/corrientesdetarde.com\/index.php\/wp-json\/wp\/v2\/media\/249576"}],"wp:attachment":[{"href":"https:\/\/corrientesdetarde.com\/index.php\/wp-json\/wp\/v2\/media?parent=249575"}],"wp:term":[{"taxonomy":"category","embeddable":true,"href":"https:\/\/corrientesdetarde.com\/index.php\/wp-json\/wp\/v2\/categories?post=249575"},{"taxonomy":"post_tag","embeddable":true,"href":"https:\/\/corrientesdetarde.com\/index.php\/wp-json\/wp\/v2\/tags?post=249575"}],"curies":[{"name":"wp","href":"https:\/\/api.w.org\/{rel}","templated":true}]}}