{"id":249578,"date":"2026-03-17T09:36:27","date_gmt":"2026-03-17T12:36:27","guid":{"rendered":"https:\/\/corrientesdetarde.com\/?p=249578"},"modified":"2026-03-17T09:36:34","modified_gmt":"2026-03-17T12:36:34","slug":"el-vicegobernador-encabezo-los-actos-por-el-262-aniversario-de-san-antonio-de-itati","status":"publish","type":"post","link":"https:\/\/corrientesdetarde.com\/index.php\/eventossociedad\/el-vicegobernador-encabezo-los-actos-por-el-262-aniversario-de-san-antonio-de-itati\/","title":{"rendered":"El Vicegobernador encabez\u00f3 los actos por el 262\u00b0 aniversario de San Antonio de Itat\u00ed"},"content":{"rendered":"\n<p>La localidad de San Antonio de Itat\u00ed, cabecera del departamento de Ber\u00f3n de Astrada, conmemor\u00f3 este 16 de marzo su 262\u00b0 aniversario de fundaci\u00f3n con un acto oficial encabezado por el vicegobernador Pedro Braillard Poccard y la intendente Graciela Beatriz Gonz\u00e1lez.<\/p>\n\n\n\n<p>La jornada se desarroll\u00f3 con una importante participaci\u00f3n de vecinos, autoridades y representantes de instituciones locales, quienes se reunieron para rendir homenaje a la historia y al legado de la comunidad.<\/p>\n\n\n\n<p>Las actividades comenzaron con la recepci\u00f3n de autoridades, seguida del acto central realizado frente a la plaza local. Posteriormente, se llev\u00f3 a cabo el tradicional desfile c\u00edvico-militar, que cont\u00f3 con la presencia de instituciones educativas, fuerzas de seguridad y organizaciones de la comunidad. La celebraci\u00f3n culmin\u00f3 con un festival que convoc\u00f3 a familias y visitantes.<\/p>\n\n\n\n<p>En el marco de esta fecha significativa, se destac\u00f3 la importancia de mantener vivas las tradiciones y fortalecer el sentido de pertenencia. \u201cAcompa\u00f1ar a su gente en una fecha tan especial tambi\u00e9n es celebrar la identidad de un pueblo que mantiene viva su esencia y mira al futuro con esperanza\u201d, se expres\u00f3 durante la jornada.<\/p>\n\n\n\n<p>El aniversario se desarroll\u00f3 bajo el lema \u201cHistoria, Fe y Coraje\u201d, reafirmando los valores que han acompa\u00f1ado el crecimiento de la localidad desde su fundaci\u00f3n en 1764.<\/p>\n\n\n\n<figure class=\"wp-block-image size-large\"><img loading=\"lazy\" decoding=\"async\" width=\"1024\" height=\"679\" src=\"https:\/\/corrientesdetarde.com\/wp-content\/uploads\/2026\/03\/Captura-de-pantalla-2026-03-17-092909-1024x679.png\" alt=\"\" class=\"wp-image-249580\" srcset=\"https:\/\/corrientesdetarde.com\/wp-content\/uploads\/2026\/03\/Captura-de-pantalla-2026-03-17-092909-1024x679.png 1024w, https:\/\/corrientesdetarde.com\/wp-content\/uploads\/2026\/03\/Captura-de-pantalla-2026-03-17-092909-300x199.png 300w, https:\/\/corrientesdetarde.com\/wp-content\/uploads\/2026\/03\/Captura-de-pantalla-2026-03-17-092909-768x510.png 768w, https:\/\/corrientesdetarde.com\/wp-content\/uploads\/2026\/03\/Captura-de-pantalla-2026-03-17-092909.png 1144w\" sizes=\"auto, (max-width: 1024px) 100vw, 1024px\" \/><\/figure>\n\n\n\n<figure class=\"wp-block-image size-large\"><img loading=\"lazy\" decoding=\"async\" width=\"1024\" height=\"678\" src=\"https:\/\/corrientesdetarde.com\/wp-content\/uploads\/2026\/03\/Captura-de-pantalla-2026-03-17-092918-1024x678.png\" alt=\"\" class=\"wp-image-249582\" srcset=\"https:\/\/corrientesdetarde.com\/wp-content\/uploads\/2026\/03\/Captura-de-pantalla-2026-03-17-092918-1024x678.png 1024w, https:\/\/corrientesdetarde.com\/wp-content\/uploads\/2026\/03\/Captura-de-pantalla-2026-03-17-092918-300x199.png 300w, https:\/\/corrientesdetarde.com\/wp-content\/uploads\/2026\/03\/Captura-de-pantalla-2026-03-17-092918-768x508.png 768w, https:\/\/corrientesdetarde.com\/wp-content\/uploads\/2026\/03\/Captura-de-pantalla-2026-03-17-092918.png 1138w\" sizes=\"auto, (max-width: 1024px) 100vw, 1024px\" \/><\/figure>\n\n\n\n<figure class=\"wp-block-image size-large\"><img loading=\"lazy\" decoding=\"async\" width=\"1024\" height=\"675\" src=\"https:\/\/corrientesdetarde.com\/wp-content\/uploads\/2026\/03\/Captura-de-pantalla-2026-03-17-092923-1024x675.png\" alt=\"\" class=\"wp-image-249581\" srcset=\"https:\/\/corrientesdetarde.com\/wp-content\/uploads\/2026\/03\/Captura-de-pantalla-2026-03-17-092923-1024x675.png 1024w, https:\/\/corrientesdetarde.com\/wp-content\/uploads\/2026\/03\/Captura-de-pantalla-2026-03-17-092923-300x198.png 300w, https:\/\/corrientesdetarde.com\/wp-content\/uploads\/2026\/03\/Captura-de-pantalla-2026-03-17-092923-768x506.png 768w, https:\/\/corrientesdetarde.com\/wp-content\/uploads\/2026\/03\/Captura-de-pantalla-2026-03-17-092923.png 1143w\" sizes=\"auto, (max-width: 1024px) 100vw, 1024px\" \/><\/figure>\n","protected":false},"excerpt":{"rendered":"<p>La localidad de San Antonio de Itat\u00ed, cabecera del departamento de Ber\u00f3n de Astrada, conmemor\u00f3 este 16 de marzo su 262\u00b0 aniversario de fundaci\u00f3n con un acto oficial encabezado por&hellip; <\/p>\n","protected":false},"author":4,"featured_media":249579,"comment_status":"closed","ping_status":"open","sticky":false,"template":"","format":"standard","meta":{"footnotes":""},"categories":[1208],"tags":[],"class_list":["post-249578","post","type-post","status-publish","format-standard","has-post-thumbnail","hentry","category-eventossociedad"],"_links":{"self":[{"href":"https:\/\/corrientesdetarde.com\/index.php\/wp-json\/wp\/v2\/posts\/249578","targetHints":{"allow":["GET"]}}],"collection":[{"href":"https:\/\/corrientesdetarde.com\/index.php\/wp-json\/wp\/v2\/posts"}],"about":[{"href":"https:\/\/corrientesdetarde.com\/index.php\/wp-json\/wp\/v2\/types\/post"}],"author":[{"embeddable":true,"href":"https:\/\/corrientesdetarde.com\/index.php\/wp-json\/wp\/v2\/users\/4"}],"replies":[{"embeddable":true,"href":"https:\/\/corrientesdetarde.com\/index.php\/wp-json\/wp\/v2\/comments?post=249578"}],"version-history":[{"count":1,"href":"https:\/\/corrientesdetarde.com\/index.php\/wp-json\/wp\/v2\/posts\/249578\/revisions"}],"predecessor-version":[{"id":249584,"href":"https:\/\/corrientesdetarde.com\/index.php\/wp-json\/wp\/v2\/posts\/249578\/revisions\/249584"}],"wp:featuredmedia":[{"embeddable":true,"href":"https:\/\/corrientesdetarde.com\/index.php\/wp-json\/wp\/v2\/media\/249579"}],"wp:attachment":[{"href":"https:\/\/corrientesdetarde.com\/index.php\/wp-json\/wp\/v2\/media?parent=249578"}],"wp:term":[{"taxonomy":"category","embeddable":true,"href":"https:\/\/corrientesdetarde.com\/index.php\/wp-json\/wp\/v2\/categories?post=249578"},{"taxonomy":"post_tag","embeddable":true,"href":"https:\/\/corrientesdetarde.com\/index.php\/wp-json\/wp\/v2\/tags?post=249578"}],"curies":[{"name":"wp","href":"https:\/\/api.w.org\/{rel}","templated":true}]}}