{"id":249585,"date":"2026-03-17T10:32:33","date_gmt":"2026-03-17T13:32:33","guid":{"rendered":"https:\/\/corrientesdetarde.com\/?p=249585"},"modified":"2026-03-17T10:32:38","modified_gmt":"2026-03-17T13:32:38","slug":"se-realizara-una-reunion-virtual-informativa-para-interesados-en-participar-de-arteco-2026","status":"publish","type":"post","link":"https:\/\/corrientesdetarde.com\/index.php\/destacados\/se-realizara-una-reunion-virtual-informativa-para-interesados-en-participar-de-arteco-2026\/","title":{"rendered":"Se realizar\u00e1 una reuni\u00f3n virtual informativa para interesados en participar de ArteCo 2026"},"content":{"rendered":"\n<p>El Gobierno de la Provincia, a trav\u00e9s del Instituto de Cultura de Corrientes, avanza en la organizaci\u00f3n de la Feria de Arte Contempor\u00e1neo de Corrientes (ArteCo), a desarrollarse del 21 al 24 de mayo, en la ciudad de Corrientes. Con ese objetivo, el viernes 20 de marzo, a las 18, se llevar\u00e1 adelante una reuni\u00f3n virtual informativa destinada a galeristas, colectivos art\u00edsticos, espacios autogestionados y artistas independientes interesados en formar parte en esta octava edici\u00f3n.<\/p>\n\n\n\n<p>El encuentro ser\u00e1 coordinado por Marcelo Dansey, director de la feria, junto a su equipo de trabajo, y tendr\u00e1 como objetivo presentar los lineamientos generales de la convocatoria 2026, los criterios de selecci\u00f3n y las caracter\u00edsticas de participaci\u00f3n. La reuni\u00f3n tambi\u00e9n funcionar\u00e1 como un espacio abierto para responder consultas y despejar dudas de quienes est\u00e9n evaluando postularse.<\/p>\n\n\n\n<p>Para sumarse a la reuni\u00f3n virtual -abierta a todos los interesados-, deber\u00e1n ingresar utilizando el siguiente link:&nbsp;<a href=\"https:\/\/4ue34.r.a.d.sendibm1.com\/mk\/cl\/f\/sh\/6rqJfgq8dINmNvd2HB7mP7OK8Ju\/2TBW8UPFkD5b\" rel=\"noreferrer noopener\" target=\"_blank\">https:\/\/meet.google.com\/atx-mduj-zpt<\/a>&nbsp;(Google Meet).<\/p>\n\n\n\n<p>ArteCo 2026 se realizar\u00e1 del 21 al 24 de mayo, y reunir\u00e1 a artistas, galer\u00edas, curadores, instituciones y coleccionistas de Argentina, Paraguay y Sur de Brasil, en uno de los principales encuentros dedicados al arte contempor\u00e1neo en el norte argentino.<\/p>\n\n\n\n<figure class=\"wp-block-image size-full\"><img loading=\"lazy\" decoding=\"async\" width=\"717\" height=\"898\" src=\"https:\/\/corrientesdetarde.com\/wp-content\/uploads\/2026\/03\/Captura-de-pantalla-2026-03-17-101419.png\" alt=\"\" class=\"wp-image-249587\" srcset=\"https:\/\/corrientesdetarde.com\/wp-content\/uploads\/2026\/03\/Captura-de-pantalla-2026-03-17-101419.png 717w, https:\/\/corrientesdetarde.com\/wp-content\/uploads\/2026\/03\/Captura-de-pantalla-2026-03-17-101419-240x300.png 240w\" sizes=\"auto, (max-width: 717px) 100vw, 717px\" \/><\/figure>\n\n\n\n<p><strong>Modalidades<\/strong><\/p>\n\n\n\n<p>La convocatoria de esta edici\u00f3n contempla tres modalidades de participaci\u00f3n.&nbsp;<\/p>\n\n\n\n<p>1) PIEZAS DE MUSEO. Destinada principalmente a galer\u00edas, propone la presentaci\u00f3n de un conjunto de hasta 7 piezas de valor partrimonial que dialoguen con la colecci\u00f3n del MACC. El concepto de \u201cpieza de museo\u201d no se limita a obras ya consagradas sino tambi\u00e9n al trabajo de artistas de mediana carrera o emergentes que, desde la mirada curatorial de la galer\u00eda, posean cualidades conceptuales, est\u00e9ticas o hist\u00f3ricas que permitan proyectarlos como potencialmente patrimoniables.<\/p>\n\n\n\n<p>2) TIENDA DE VALORES Y MARAVILLAS. Destinada a colectivos, espacios autogestionados, proyectos experimentales e iniciativas culturales vinculadas al arte, abriendo la feria a formatos de intercambio m\u00e1s flexibles y colaborativos. Se privilegian proyectos que trabajen con la memoria, los saberes, las creencias de su comunidad y su relaci\u00f3n con los recursos y la econom\u00eda viva.&nbsp;<\/p>\n\n\n\n<p>3) SOLO SHOW. Destinada a artistas individuales oriundos de Corrientes o con al menos cinco a\u00f1os de residencia acreditable en la provincia, ya sea que participen de manera independiente o representados por una galer\u00eda. La propuesta debe consistir en un proyecto individual articulado, donde el cuerpo de obra permita construir una narrativa autoral clara. Se considerar\u00e1 especialmente la coherencia conceptual del proyecto, la solidez de la investigaci\u00f3n art\u00edstica, la madurez formal y la proyecci\u00f3n del artista dentro de la escena contempor\u00e1nea.<\/p>\n\n\n\n<p>Cabe recordar que la convocatoria para participar en ArteCo 2026 se encuentra abierta hasta el 6 de abril. Las bases y condiciones completas pueden consultarse en:&nbsp;<a href=\"https:\/\/4ue34.r.a.d.sendibm1.com\/mk\/cl\/f\/sh\/6rqJfgq8dIPRQNvBlUXKKiWFlcw\/55oy4i3CLRk3\" rel=\"noreferrer noopener\" target=\"_blank\">https:\/\/linktr.ee\/artecoinfo<\/a><\/p>\n","protected":false},"excerpt":{"rendered":"<p>El Gobierno de la Provincia, a trav\u00e9s del Instituto de Cultura de Corrientes, avanza en la organizaci\u00f3n de la Feria de Arte Contempor\u00e1neo de Corrientes (ArteCo), a desarrollarse del 21&hellip; <\/p>\n","protected":false},"author":4,"featured_media":249586,"comment_status":"closed","ping_status":"open","sticky":false,"template":"","format":"standard","meta":{"footnotes":""},"categories":[26],"tags":[],"class_list":["post-249585","post","type-post","status-publish","format-standard","has-post-thumbnail","hentry","category-destacados"],"_links":{"self":[{"href":"https:\/\/corrientesdetarde.com\/index.php\/wp-json\/wp\/v2\/posts\/249585","targetHints":{"allow":["GET"]}}],"collection":[{"href":"https:\/\/corrientesdetarde.com\/index.php\/wp-json\/wp\/v2\/posts"}],"about":[{"href":"https:\/\/corrientesdetarde.com\/index.php\/wp-json\/wp\/v2\/types\/post"}],"author":[{"embeddable":true,"href":"https:\/\/corrientesdetarde.com\/index.php\/wp-json\/wp\/v2\/users\/4"}],"replies":[{"embeddable":true,"href":"https:\/\/corrientesdetarde.com\/index.php\/wp-json\/wp\/v2\/comments?post=249585"}],"version-history":[{"count":1,"href":"https:\/\/corrientesdetarde.com\/index.php\/wp-json\/wp\/v2\/posts\/249585\/revisions"}],"predecessor-version":[{"id":249588,"href":"https:\/\/corrientesdetarde.com\/index.php\/wp-json\/wp\/v2\/posts\/249585\/revisions\/249588"}],"wp:featuredmedia":[{"embeddable":true,"href":"https:\/\/corrientesdetarde.com\/index.php\/wp-json\/wp\/v2\/media\/249586"}],"wp:attachment":[{"href":"https:\/\/corrientesdetarde.com\/index.php\/wp-json\/wp\/v2\/media?parent=249585"}],"wp:term":[{"taxonomy":"category","embeddable":true,"href":"https:\/\/corrientesdetarde.com\/index.php\/wp-json\/wp\/v2\/categories?post=249585"},{"taxonomy":"post_tag","embeddable":true,"href":"https:\/\/corrientesdetarde.com\/index.php\/wp-json\/wp\/v2\/tags?post=249585"}],"curies":[{"name":"wp","href":"https:\/\/api.w.org\/{rel}","templated":true}]}}