{"id":250221,"date":"2026-03-23T09:02:00","date_gmt":"2026-03-23T12:02:00","guid":{"rendered":"https:\/\/corrientesdetarde.com\/?p=250221"},"modified":"2026-03-23T09:02:06","modified_gmt":"2026-03-23T12:02:06","slug":"trabajadores-despedidos-de-alal-cortaron-la-ruta","status":"publish","type":"post","link":"https:\/\/corrientesdetarde.com\/index.php\/informacion-general\/trabajadores-despedidos-de-alal-cortaron-la-ruta\/","title":{"rendered":"Trabajadores despedidos de ALAL cortaron la ruta"},"content":{"rendered":"\n<p>Contin\u00faa el reclamo de los trabajadores despedidos de la empresa textil Emilio Alal SACIFI. Los exempleados de la hilander\u00eda se movilizaron y cortaron el acceso norte a la ciudad de Goya en Ruta Provincial N\u00b027. Reclaman el pago de sus indemnizaciones, ya que seg\u00fan informaron no se les hab\u00eda abonado la totalidad.<\/p>\n\n\n\n<p>La empresa se llam\u00f3 a concurso preventivo de acreedores para evitar la quiebra y podr\u00eda abocarse a un proceso de reconversi\u00f3n. En el medio, los trabajadores despedidos reclaman el pago de las indemnizaciones, quienes incluso participaron de instancias de mediaci\u00f3n en la Secretar\u00eda de Trabajo de la Provincia.<\/p>\n\n\n\n<p>La medida judicial, en tanto, se tramita en la ciudad de Reconquista, en la provincia de Santa Fe desde donde se designaron s\u00edndicos. La firma operaba en varias localidades. Las plantas m\u00e1s afectadas fueron las de Goya y de Villa \u00c1ngela, Chaco donde se notificaron m\u00e1s de 200 despidos.<\/p>\n","protected":false},"excerpt":{"rendered":"<p>Contin\u00faa el reclamo de los trabajadores despedidos de la empresa textil Emilio Alal SACIFI. Los exempleados de la hilander\u00eda se movilizaron y cortaron el acceso norte a la ciudad de&hellip; <\/p>\n","protected":false},"author":3,"featured_media":250238,"comment_status":"closed","ping_status":"open","sticky":false,"template":"","format":"standard","meta":{"footnotes":""},"categories":[1],"tags":[],"class_list":["post-250221","post","type-post","status-publish","format-standard","has-post-thumbnail","hentry","category-informacion-general"],"_links":{"self":[{"href":"https:\/\/corrientesdetarde.com\/index.php\/wp-json\/wp\/v2\/posts\/250221","targetHints":{"allow":["GET"]}}],"collection":[{"href":"https:\/\/corrientesdetarde.com\/index.php\/wp-json\/wp\/v2\/posts"}],"about":[{"href":"https:\/\/corrientesdetarde.com\/index.php\/wp-json\/wp\/v2\/types\/post"}],"author":[{"embeddable":true,"href":"https:\/\/corrientesdetarde.com\/index.php\/wp-json\/wp\/v2\/users\/3"}],"replies":[{"embeddable":true,"href":"https:\/\/corrientesdetarde.com\/index.php\/wp-json\/wp\/v2\/comments?post=250221"}],"version-history":[{"count":1,"href":"https:\/\/corrientesdetarde.com\/index.php\/wp-json\/wp\/v2\/posts\/250221\/revisions"}],"predecessor-version":[{"id":250261,"href":"https:\/\/corrientesdetarde.com\/index.php\/wp-json\/wp\/v2\/posts\/250221\/revisions\/250261"}],"wp:featuredmedia":[{"embeddable":true,"href":"https:\/\/corrientesdetarde.com\/index.php\/wp-json\/wp\/v2\/media\/250238"}],"wp:attachment":[{"href":"https:\/\/corrientesdetarde.com\/index.php\/wp-json\/wp\/v2\/media?parent=250221"}],"wp:term":[{"taxonomy":"category","embeddable":true,"href":"https:\/\/corrientesdetarde.com\/index.php\/wp-json\/wp\/v2\/categories?post=250221"},{"taxonomy":"post_tag","embeddable":true,"href":"https:\/\/corrientesdetarde.com\/index.php\/wp-json\/wp\/v2\/tags?post=250221"}],"curies":[{"name":"wp","href":"https:\/\/api.w.org\/{rel}","templated":true}]}}