{"id":25335,"date":"2022-12-05T17:35:27","date_gmt":"2022-12-05T20:35:27","guid":{"rendered":"https:\/\/corrientesdetarde.com\/?p=25335"},"modified":"2022-12-05T17:35:31","modified_gmt":"2022-12-05T20:35:31","slug":"calendario-escolar-2023-en-corrientes-iniciara-el-28-de-febrero","status":"publish","type":"post","link":"https:\/\/corrientesdetarde.com\/index.php\/educacion\/calendario-escolar-2023-en-corrientes-iniciara-el-28-de-febrero\/","title":{"rendered":"Calendario escolar 2023: en Corrientes iniciar\u00e1 el 28 de febrero"},"content":{"rendered":"\n<p>De acuerdo a la informaci\u00f3n a la que accedi\u00f3 Radio Sudamericana, el pr\u00f3ximo 28 de febrero de 2023 en la provincia de Corrientes comenzar\u00e1n las clases en todos los niveles educativos.<\/p>\n\n\n\n<p>Luego del reseco de verano el Ministerio de Educaci\u00f3n de Corrientes dar\u00e1 inicio al Calendario Escolar 2023.\u00a0<strong>El cronograma de actividades ser\u00e1 de la siguiente manera:<\/strong><\/p>\n\n\n\n<figure class=\"wp-block-image size-full\"><img loading=\"lazy\" decoding=\"async\" width=\"700\" height=\"875\" src=\"https:\/\/corrientesdetarde.com\/wp-content\/uploads\/2022\/12\/image-61.png\" alt=\"\" class=\"wp-image-25337\" srcset=\"https:\/\/corrientesdetarde.com\/wp-content\/uploads\/2022\/12\/image-61.png 700w, https:\/\/corrientesdetarde.com\/wp-content\/uploads\/2022\/12\/image-61-240x300.png 240w\" sizes=\"auto, (max-width: 700px) 100vw, 700px\" \/><\/figure>\n","protected":false},"excerpt":{"rendered":"<p>De acuerdo a la informaci\u00f3n a la que accedi\u00f3 Radio Sudamericana, el pr\u00f3ximo 28 de febrero de 2023 en la provincia de Corrientes comenzar\u00e1n las clases en todos los niveles&hellip; <\/p>\n","protected":false},"author":8,"featured_media":25336,"comment_status":"closed","ping_status":"open","sticky":false,"template":"","format":"standard","meta":{"footnotes":""},"categories":[32],"tags":[],"class_list":["post-25335","post","type-post","status-publish","format-standard","has-post-thumbnail","hentry","category-educacion"],"_links":{"self":[{"href":"https:\/\/corrientesdetarde.com\/index.php\/wp-json\/wp\/v2\/posts\/25335","targetHints":{"allow":["GET"]}}],"collection":[{"href":"https:\/\/corrientesdetarde.com\/index.php\/wp-json\/wp\/v2\/posts"}],"about":[{"href":"https:\/\/corrientesdetarde.com\/index.php\/wp-json\/wp\/v2\/types\/post"}],"author":[{"embeddable":true,"href":"https:\/\/corrientesdetarde.com\/index.php\/wp-json\/wp\/v2\/users\/8"}],"replies":[{"embeddable":true,"href":"https:\/\/corrientesdetarde.com\/index.php\/wp-json\/wp\/v2\/comments?post=25335"}],"version-history":[{"count":1,"href":"https:\/\/corrientesdetarde.com\/index.php\/wp-json\/wp\/v2\/posts\/25335\/revisions"}],"predecessor-version":[{"id":25338,"href":"https:\/\/corrientesdetarde.com\/index.php\/wp-json\/wp\/v2\/posts\/25335\/revisions\/25338"}],"wp:featuredmedia":[{"embeddable":true,"href":"https:\/\/corrientesdetarde.com\/index.php\/wp-json\/wp\/v2\/media\/25336"}],"wp:attachment":[{"href":"https:\/\/corrientesdetarde.com\/index.php\/wp-json\/wp\/v2\/media?parent=25335"}],"wp:term":[{"taxonomy":"category","embeddable":true,"href":"https:\/\/corrientesdetarde.com\/index.php\/wp-json\/wp\/v2\/categories?post=25335"},{"taxonomy":"post_tag","embeddable":true,"href":"https:\/\/corrientesdetarde.com\/index.php\/wp-json\/wp\/v2\/tags?post=25335"}],"curies":[{"name":"wp","href":"https:\/\/api.w.org\/{rel}","templated":true}]}}